{"id":751789,"date":"2017-01-27T07:20:33","date_gmt":"2017-01-27T06:20:33","guid":{"rendered":"https:\/\/dailynewshungary.com\/de\/regierungsbeamter-v4-bayern-teilt-die-gleichen-ansichten-uber-die-eu\/"},"modified":"2017-01-27T07:20:33","modified_gmt":"2017-01-27T06:20:33","slug":"regierungsbeamter-v4-bayern-teilt-die-gleichen-ansichten-uber-die-eu","status":"publish","type":"post","link":"https:\/\/dailynewshungary.com\/de\/regierungsbeamter-v4-bayern-teilt-die-gleichen-ansichten-uber-die-eu\/","title":{"rendered":"Regierungsbeamter: V4, Bayern teilt die gleichen Ansichten \u00fcber die EU"},"content":{"rendered":"<p><strong>Berlin (MTI) \u2013 Die Visegr\u00e1d-Fraktion und Bayern teilen die gleichen Ansichten \u00fcber die Europ\u00e4ische Union und sind sich einig, dass es keine Probleme mit ihren Grundwerten oder dem Konzept des Blocks gibt, sondern mit der Entscheidungsunf\u00e4higkeit Br\u00fcssels, sagte Au\u00dfenminister L\u00e1szlo Szab\u00f3 am Donnerstag.<\/strong><\/p>\n<p>Szab\u00f3 teilte MTI nach der Teilnahme an einer Konferenz der Hanns-Seidel-Stiftung und der V4-L\u00e4nder (Tschechische Rep, Ungarn, Polen und Slowakei) in M\u00fcnchen telefonisch mit, dass sich die Teilnehmer darin einig seien, dass Br\u00fcssel \u201egr\u00f6\u00dfere Entschlossenheit\u201cbraucht und es eine geben sollte R\u00fcckkehr zur Anwendung der gemeinsamen EU-Vorschriften.<\/p>\n<p>Der fr\u00fchere bayerische Ministerpr\u00e4sident Guenther Beckstein sagte, Bayern sei Ungarn und der V4-Gruppe f\u00fcr ihre Bem\u00fchungen dankbar, die illegale Migration zu stoppen, f\u00fcgte Szab\u00f3 hinzu.<\/p>\n","protected":false},"excerpt":{"rendered":"<p>Berlin (MTI) \u2013 Die Visegr\u00e1d-Fraktion und Bayern teilen die gleichen Ansichten \u00fcber die Europ\u00e4ische Union und sind sich einig, dass es keine Probleme mit ihren Grundwerten oder dem Konzept des Blocks gibt, sondern mit der Entscheidungsunf\u00e4higkeit Br\u00fcssels, sagte Au\u00dfenminister L\u00e1szlo Szab\u00f3 am Donnerstag. Szab\u00f3 teilte MTI nach der Teilnahme an einer Konferenz der Hanns-Seidel-Stiftung und [&hellip;]<\/p>\n","protected":false},"author":7,"featured_media":751790,"comment_status":"open","ping_status":"open","sticky":false,"template":"","format":"standard","meta":{"_acf_changed":false,"_display_image":"","footnotes":""},"categories":[1081],"tags":[1082,1923],"class_list":["post-751789","post","type-post","status-publish","format-standard","has-post-thumbnail","hentry","category-politik","tag-europaische-union","tag-visegrad-vier"],"blocksy_meta":[],"acf":[],"author_username":"Szandi","telegram_post":"","public_post_metadata":{"breaking_news":"","important":"","csempe":"","center_tile":"","disable_thumbnail":"","target_lang":"","_featured_image_style":"","telegram_post":"","_xlat_group_id":""},"public_rank_math_data":{"title":"%title% %sep% %sitename%","description":"","focus_keyword":"EU","canonical_url":"","robots":"","primary_category":"1081","breadcrumb_title":"","facebook_title":"","facebook_description":"","facebook_image":"","facebook_image_id":"","twitter_title":"","twitter_description":"","twitter_image":"","twitter_image_id":"","twitter_card_type":"","twitter_use_facebook":"","advanced_robots":"","pillar_content":"","seo_score":"59","contentai_score":"","rich_snippet":""},"_links":{"self":[{"href":"https:\/\/dailynewshungary.com\/de\/wp-json\/wp\/v2\/posts\/751789","targetHints":{"allow":["GET"]}}],"collection":[{"href":"https:\/\/dailynewshungary.com\/de\/wp-json\/wp\/v2\/posts"}],"about":[{"href":"https:\/\/dailynewshungary.com\/de\/wp-json\/wp\/v2\/types\/post"}],"author":[{"embeddable":true,"href":"https:\/\/dailynewshungary.com\/de\/wp-json\/wp\/v2\/users\/7"}],"replies":[{"embeddable":true,"href":"https:\/\/dailynewshungary.com\/de\/wp-json\/wp\/v2\/comments?post=751789"}],"version-history":[{"count":0,"href":"https:\/\/dailynewshungary.com\/de\/wp-json\/wp\/v2\/posts\/751789\/revisions"}],"wp:featuredmedia":[{"embeddable":true,"href":"https:\/\/dailynewshungary.com\/de\/wp-json\/wp\/v2\/media\/751790"}],"wp:attachment":[{"href":"https:\/\/dailynewshungary.com\/de\/wp-json\/wp\/v2\/media?parent=751789"}],"wp:term":[{"taxonomy":"category","embeddable":true,"href":"https:\/\/dailynewshungary.com\/de\/wp-json\/wp\/v2\/categories?post=751789"},{"taxonomy":"post_tag","embeddable":true,"href":"https:\/\/dailynewshungary.com\/de\/wp-json\/wp\/v2\/tags?post=751789"}],"curies":[{"name":"wp","href":"https:\/\/api.w.org\/{rel}","templated":true}]}}