{"id":751798,"date":"2017-01-26T17:15:00","date_gmt":"2017-01-26T16:15:00","guid":{"rendered":"https:\/\/dailynewshungary.com\/de\/orban-neue-ara-klopft-an-europas-tur\/"},"modified":"2017-01-26T17:15:00","modified_gmt":"2017-01-26T16:15:00","slug":"orban-neue-ara-klopft-an-europas-tur","status":"publish","type":"post","link":"https:\/\/dailynewshungary.com\/de\/orban-neue-ara-klopft-an-europas-tur\/","title":{"rendered":"Orb\u00e1n: Neue \u00c4ra \u2018klopft an Europas T\u00fcr\u2019"},"content":{"rendered":"<p><strong>Br\u00fcssel, 26. Januar (MTI) \u201eAnstelle offener Gesellschaften wollen die Menschen demokratische Gesellschaften in der neuen \u00c4ra, die \u201ean die T\u00fcr Europas klopft\u201csagte Premierminister Viktor Orb\u00e1n auf einer Veranstaltung, die vom Wissenszentrum Antall J\u00f3zsef und dem Konrad Adenauer organisiert wurde Stiftung in Br\u00fcssel am Donnerstag.<\/strong><\/p>\n<p>&nbsp;<\/p>\n<p>Orb\u00e1n sagte, die prim\u00e4re Frage sei, inwieweit Europa und die Europ\u00e4ische Union bereit seien, sich an diese neue \u00c4ra anzupassen.<\/p>\n<p>Statt offener Gesellschaften wolle man demokratische Gesellschaften in der neuen \u00c4ra, die \u201can Europas T\u00fcr klopfe\u201d, sagte er.<\/p>\n<p>\u201cIn Br\u00fcssel l\u00e4uft es schlecht und in die falsche Richtung\u201d, beharrte Orb\u00e1n. Er sagte, dass Europa noch vor 20 Jahren ehrgeizige Ziele hatte, aber keines dieser Ziele erreicht wurde. Er erw\u00e4hnte beispielsweise Pl\u00e4ne zur Schaffung eines europ\u00e4isch-asiatischen Wirtschaftsraums und zur Schaffung einer unabh\u00e4ngigen europ\u00e4ischen Sicherheitspolitik und f\u00fcgte hinzu, dass beide Pl\u00e4ne gescheitert seien.<\/p>\n<p>\u201cDas Prinzip Nummer eins in der Politik ist, was auch immer existiert, ist m\u00f6glich\u201d, sagte er \u201cLeider akzeptieren viele Staats &#8211; und Regierungschefs in Europa diese Tatsache nicht\u201d, sagte erAnstatt aus den wirtschaftlichen Erfolgen Chinas und anderer asiatischer L\u00e4nder zu lernen, versucht Europa, sich davon zu \u00fcberzeugen, dass \u201cdas, was in China und Asien existiert, nicht wirklich da ist, oder vor\u00fcbergehend ist und es an Grundlagen mangelt\u201d<\/p>\n<p>Es sei an der Zeit, den neuen Pr\u00e4sidenten der Vereinigten Staaten ernst zu nehmen, sagte Orb\u00e1n. Gro\u00dfbritannien hat letztes Jahr beschlossen, die Europ\u00e4ische Union zu verlassen, und die gr\u00f6\u00dfte Milit\u00e4rmacht der Welt hat einen neuen Pr\u00e4sidenten gew\u00e4hlt, dennoch wurden Anstrengungen unternommen, um die \u00d6ffentlichkeit davon zu \u00fcberzeugen, dass die Dinge nicht so sind, wie sie tats\u00e4chlich sind.<\/p>\n<p>Donald Trump machte eine historische Erkl\u00e4rung, dass es das Recht jedes Landes sei, sich selbst an die erste Stelle zu setzen, sagte Orb\u00e1n. Der Wandel, f\u00fcgte er hinzu, werde bald stattfinden und die \u00c4ra des Multilateralismus werde zu Ende gehen.<\/p>\n<p>Nach der Wirtschaftskrise 2008 habe in der Weltpolitik ein Paradigmenwechsel stattgefunden, sagte Orb\u00e1nW\u00e4hrend die Welt unipolar gewesen sei, werde sie nun multipolarDieser Wandel sei beispiellos und es gebe keinen Konsens dar\u00fcber, wie die neue globale politische Struktur aussehen werde, sagte er.<\/p>\n<p>Es m\u00fcssten Vorbereitungen f\u00fcr eine multipolare Welt getroffen werden, sagte er 2017 in seiner Rede mit dem Titel Europa \u201cEs gibt kein einheitliches Modell der Erl\u00f6sung\u201d, sagte er und argumentierte, dass anstelle multilateraler Abkommen die bilateralen Beziehungen st\u00e4rker in den Vordergrund ger\u00fcckt w\u00fcrden.<\/p>\n<p>Europa sei von einer Wettbewerbs-, Bev\u00f6lkerungs-, Sicherheits- und au\u00dfenpolitischen Krise betroffen, sagte Orb\u00e1n.<\/p>\n<p>Was den au\u00dfenpolitischen Aspekt der Krise betrifft, so sei Europa kaum in der Lage, die Ereignisse in der Region zu beeinflussen, sagte Orb\u00e1n und verwies auf die Konflikte in Syrien und der Ukraine.<\/p>\n<p>Orb\u00e1n bestand darauf, dass das Wirtschaftswachstum Europas in den n\u00e4chsten Jahren 1-2 Prozent nicht \u00fcberschreiten werde.<\/p>\n<p>Er sagte, Europa sei einst global relevant, bevor es eine Regionalmacht wurde.<\/p>\n<p>\u201cEuropa wird seinen Status als Global Player verlieren und ein regionaler Akteur werden, und es wird bald darum k\u00e4mpfen, eine regionale Macht zu bleiben\u201d, sagte Orb\u00e1n.<\/p>\n<p>Der Premierminister sagte, Europa konzentriere seine St\u00e4rken auf die falschen Ziele und argumentierte, dass es keines seiner Pl\u00e4ne erreicht habe und ein \u201cSklave\u201d der \u201cutopischen Idee\u201d eines \u201csupranationalen\u201d Europas geworden sei.<\/p>\n<p>Er sagte, es gebe kein einziges europ\u00e4isches Volk, sondern nur europ\u00e4ische V\u00f6lker, und f\u00fcgte hinzu, dass Europa nur dann stark gewesen sei, wenn es \u00fcber starke, vielf\u00e4ltige Machtzentren verf\u00fcge.<\/p>\n<p>Europa brauche mehr Selbstvertrauen, sagte Orb\u00e1n. Europa m\u00fcsse erkl\u00e4ren, dass es in der Lage sei, sich ohne fremde Hilfe zu sch\u00fctzen, sagte er und f\u00fcgte hinzu, dass ein gemeinsames europ\u00e4isches Verteidigungsb\u00fcndnis es Europa erm\u00f6glichen w\u00fcrde, mit allen, auch Russland, als gleichberechtigte Partner zu verhandeln.<\/p>\n<p>Er dr\u00e4ngte auf ein neues Abkommen mit den USA, um die ins Stocken geratenen Handelsgespr\u00e4che zu ersetzen, au\u00dferdem m\u00fcssten M\u00f6glichkeiten gefunden werden, um einen Deal mit China abzuschlie\u00dfen, und die Russlandfrage solle wieder auf die Tagesordnung gesetzt werden, f\u00fcgte er hinzu.<\/p>\n<p><em>Fotos: MTI<\/em><\/p>\n","protected":false},"excerpt":{"rendered":"<p>Br\u00fcssel, 26. Januar (MTI) \u201eAnstelle offener Gesellschaften wollen die Menschen demokratische Gesellschaften in der neuen \u00c4ra, die \u201ean die T\u00fcr Europas klopft\u201csagte Premierminister Viktor Orb\u00e1n auf einer Veranstaltung, die vom Wissenszentrum Antall J\u00f3zsef und dem Konrad Adenauer organisiert wurde Stiftung in Br\u00fcssel am Donnerstag. &nbsp; Orb\u00e1n sagte, die prim\u00e4re Frage sei, inwieweit Europa und die [&hellip;]<\/p>\n","protected":false},"author":7,"featured_media":751799,"comment_status":"open","ping_status":"open","sticky":false,"template":"","format":"standard","meta":{"_acf_changed":false,"_display_image":"","footnotes":""},"categories":[1081],"tags":[1082,1128,1104],"class_list":["post-751798","post","type-post","status-publish","format-standard","has-post-thumbnail","hentry","category-politik","tag-europaische-union","tag-viktor-orban","tag-wirtschaft"],"blocksy_meta":[],"acf":[],"author_username":"Szandi","telegram_post":"","public_post_metadata":{"breaking_news":"","important":"","csempe":"","center_tile":"","disable_thumbnail":"","target_lang":"","_featured_image_style":"","telegram_post":"","_xlat_group_id":""},"public_rank_math_data":{"title":"%title% %sep% %sitename%","description":"","focus_keyword":"Europa","canonical_url":"","robots":"","primary_category":"1081","breadcrumb_title":"","facebook_title":"","facebook_description":"","facebook_image":"","facebook_image_id":"","twitter_title":"","twitter_description":"","twitter_image":"","twitter_image_id":"","twitter_card_type":"","twitter_use_facebook":"","advanced_robots":"","pillar_content":"","seo_score":"57","contentai_score":"","rich_snippet":""},"_links":{"self":[{"href":"https:\/\/dailynewshungary.com\/de\/wp-json\/wp\/v2\/posts\/751798","targetHints":{"allow":["GET"]}}],"collection":[{"href":"https:\/\/dailynewshungary.com\/de\/wp-json\/wp\/v2\/posts"}],"about":[{"href":"https:\/\/dailynewshungary.com\/de\/wp-json\/wp\/v2\/types\/post"}],"author":[{"embeddable":true,"href":"https:\/\/dailynewshungary.com\/de\/wp-json\/wp\/v2\/users\/7"}],"replies":[{"embeddable":true,"href":"https:\/\/dailynewshungary.com\/de\/wp-json\/wp\/v2\/comments?post=751798"}],"version-history":[{"count":0,"href":"https:\/\/dailynewshungary.com\/de\/wp-json\/wp\/v2\/posts\/751798\/revisions"}],"wp:featuredmedia":[{"embeddable":true,"href":"https:\/\/dailynewshungary.com\/de\/wp-json\/wp\/v2\/media\/751799"}],"wp:attachment":[{"href":"https:\/\/dailynewshungary.com\/de\/wp-json\/wp\/v2\/media?parent=751798"}],"wp:term":[{"taxonomy":"category","embeddable":true,"href":"https:\/\/dailynewshungary.com\/de\/wp-json\/wp\/v2\/categories?post=751798"},{"taxonomy":"post_tag","embeddable":true,"href":"https:\/\/dailynewshungary.com\/de\/wp-json\/wp\/v2\/tags?post=751798"}],"curies":[{"name":"wp","href":"https:\/\/api.w.org\/{rel}","templated":true}]}}