{"id":751806,"date":"2017-01-26T12:50:01","date_gmt":"2017-01-26T11:50:01","guid":{"rendered":"https:\/\/dailynewshungary.com\/de\/simicsko-regierung-plant-die-rekrutierung-weiterer-15-000-freiwilliger\/"},"modified":"2017-01-26T12:50:01","modified_gmt":"2017-01-26T11:50:01","slug":"simicsko-regierung-plant-die-rekrutierung-weiterer-15-000-freiwilliger","status":"publish","type":"post","link":"https:\/\/dailynewshungary.com\/de\/simicsko-regierung-plant-die-rekrutierung-weiterer-15-000-freiwilliger\/","title":{"rendered":"Simicsk\u00f3: Regierung plant die Rekrutierung weiterer 15.000 Freiwilliger"},"content":{"rendered":"<p><strong>Budapest, 26. Januar (MTI) \u201eAmbiente Ungarn braucht eine Freiwilligentruppe von 20.000 Mann, um sein Milit\u00e4r zu vervollst\u00e4ndigen, sagte der Verteidigungsminister in einem Interview mit der Wochenzeitung Figyel., das am Donnerstag ver\u00f6ffentlicht wurde.<\/strong><\/p>\n<p>In seinem Interview sagte Istv\u00e1n Simicsk\u00f3, dass das Milit\u00e4r derzeit etwa 30.000 Soldaten und 5.500 freiwillige Reserveoffiziere habe. Er bestand darauf, dass die freiwillige Truppe mit \u201etats\u00e4chlichen F\u00e4higkeiten\u201cund das Milit\u00e4r zusammen \u201eeine abschreckende, kampfbereite Armee\u201d bilden sollten.<\/p>\n<p>Die Wiederbelebung der ungarischen Verteidigungsindustrie habe f\u00fcr die Regierung hohe Priorit\u00e4t, sagte Simicsk\u00f3. Er f\u00fcgte hinzu, dass Vorbereitungen f\u00fcr den Beginn der Produktion von Infanteriewaffen wie Waffen und Gewehren bereits im n\u00e4chsten Jahr im Gange seien.<\/p>\n<p>Simicsk\u00f3 sagte, die Regierung erh\u00f6he die ungarischen Verteidigungsausgaben schrittweise und f\u00fcgte hinzu, dass das NATO-Ziel von 2 Prozent des BIP in 10 Jahren erreicht werden k\u00f6nne.<\/p>\n","protected":false},"excerpt":{"rendered":"<p>Budapest, 26. Januar (MTI) \u201eAmbiente Ungarn braucht eine Freiwilligentruppe von 20.000 Mann, um sein Milit\u00e4r zu vervollst\u00e4ndigen, sagte der Verteidigungsminister in einem Interview mit der Wochenzeitung Figyel., das am Donnerstag ver\u00f6ffentlicht wurde. In seinem Interview sagte Istv\u00e1n Simicsk\u00f3, dass das Milit\u00e4r derzeit etwa 30.000 Soldaten und 5.500 freiwillige Reserveoffiziere habe. Er bestand darauf, dass die [&hellip;]<\/p>\n","protected":false},"author":7,"featured_media":751807,"comment_status":"open","ping_status":"open","sticky":false,"template":"","format":"standard","meta":{"_acf_changed":false,"_display_image":"","footnotes":""},"categories":[1098],"tags":[1203,1204],"class_list":["post-751806","post","type-post","status-publish","format-standard","has-post-thumbnail","hentry","category-gesellschaft","tag-armee","tag-militar"],"blocksy_meta":[],"acf":[],"author_username":"Szandi","telegram_post":"","public_post_metadata":{"breaking_news":"","important":"","csempe":"","center_tile":"","disable_thumbnail":"","target_lang":"","_featured_image_style":"","telegram_post":"","_xlat_group_id":""},"public_rank_math_data":{"title":"%title% %sep% %sitename%","description":"","focus_keyword":"Ehrenamtliche","canonical_url":"","robots":"","primary_category":"1098","breadcrumb_title":"","facebook_title":"","facebook_description":"","facebook_image":"","facebook_image_id":"","twitter_title":"","twitter_description":"","twitter_image":"","twitter_image_id":"","twitter_card_type":"","twitter_use_facebook":"","advanced_robots":"","pillar_content":"","seo_score":"41","contentai_score":"","rich_snippet":""},"_links":{"self":[{"href":"https:\/\/dailynewshungary.com\/de\/wp-json\/wp\/v2\/posts\/751806","targetHints":{"allow":["GET"]}}],"collection":[{"href":"https:\/\/dailynewshungary.com\/de\/wp-json\/wp\/v2\/posts"}],"about":[{"href":"https:\/\/dailynewshungary.com\/de\/wp-json\/wp\/v2\/types\/post"}],"author":[{"embeddable":true,"href":"https:\/\/dailynewshungary.com\/de\/wp-json\/wp\/v2\/users\/7"}],"replies":[{"embeddable":true,"href":"https:\/\/dailynewshungary.com\/de\/wp-json\/wp\/v2\/comments?post=751806"}],"version-history":[{"count":0,"href":"https:\/\/dailynewshungary.com\/de\/wp-json\/wp\/v2\/posts\/751806\/revisions"}],"wp:featuredmedia":[{"embeddable":true,"href":"https:\/\/dailynewshungary.com\/de\/wp-json\/wp\/v2\/media\/751807"}],"wp:attachment":[{"href":"https:\/\/dailynewshungary.com\/de\/wp-json\/wp\/v2\/media?parent=751806"}],"wp:term":[{"taxonomy":"category","embeddable":true,"href":"https:\/\/dailynewshungary.com\/de\/wp-json\/wp\/v2\/categories?post=751806"},{"taxonomy":"post_tag","embeddable":true,"href":"https:\/\/dailynewshungary.com\/de\/wp-json\/wp\/v2\/tags?post=751806"}],"curies":[{"name":"wp","href":"https:\/\/api.w.org\/{rel}","templated":true}]}}