{"id":751810,"date":"2017-01-26T10:40:18","date_gmt":"2017-01-26T09:40:18","guid":{"rendered":"https:\/\/dailynewshungary.com\/de\/zsolt-nemeth-die-ukraine-muss-minderheitensprachenrechte-garantieren\/"},"modified":"2017-01-26T10:40:18","modified_gmt":"2017-01-26T09:40:18","slug":"zsolt-nemeth-die-ukraine-muss-minderheitensprachenrechte-garantieren","status":"publish","type":"post","link":"https:\/\/dailynewshungary.com\/de\/zsolt-nemeth-die-ukraine-muss-minderheitensprachenrechte-garantieren\/","title":{"rendered":"Zsolt N\u00e9meth: Die Ukraine muss Minderheitensprachenrechte garantieren"},"content":{"rendered":"<p><strong>Stra\u00dfburg (MTI) ie Ukraine muss sicherstellen, dass die auf ihrem Hoheitsgebiet lebenden nationalen Minderheiten die Sprachrechte behalten k\u00f6nnen, die sie derzeit genie\u00dfen, auch wenn das Land sein neues Sprachengesetz verabschiedet, sagte Zsolt N\u00e9meth, Vorsitzender des Ausschusses f\u00fcr ausw\u00e4rtige Angelegenheiten des Parlaments, am Mittwoch.<\/strong><\/p>\n<p>Ukrainische Gesetzgeber haben k\u00fcrzlich einen Gesetzentwurf ausgearbeitet, der erniedrigende Behandlung oder Respektlosigkeit gegen\u00fcber der ukrainischen Sprache in der \u00d6ffentlichkeit unter Strafe stellen w\u00fcrde.<\/p>\n<p>Dezentralisierung sei eine zentrale Voraussetzung f\u00fcr die Ukraine im Rahmen des Minsker Abkommens, aber das Land m\u00fcsse auch die ethnische Zusammensetzung der Region ber\u00fccksichtigen, sagte N\u00e9meth telefonisch gegen\u00fcber MTI, nachdem er an einer Debatte \u00fcber die Ukraine in der Parlamentarischen Versammlung des Europarats (PACE) teilgenommen hatte Stra\u00dfburg.<\/p>\n<p>N\u00e9meth sagte, die j\u00fcngsten Bildungs- und Sprachgesetze in der Ukraine gaben Anlass zur Sorge. Er sagte, die Verabschiedung des Sprachgesetzes sei ein R\u00fcckschritt f\u00fcr die Ukraine.<\/p>\n<p>N\u00e9meth betonte, dass die Europ\u00e4ische Volkspartei die territoriale Integrit\u00e4t und Unabh\u00e4ngigkeit der Ukraine voll und ganz unterst\u00fctze. Er sagte, es sei wichtig, Solidarit\u00e4t mit der Ukraine zu zeigen, und argumentierte, dass die Europ\u00e4ische Union von diesem Land nur dann positive Ergebnisse erwarten k\u00f6nne, wenn ihre \u00d6ffentlichkeit wisse, dass sie die Unterst\u00fctzung Europas habe.<\/p>\n<p>Aber er sagte, Europa habe auch Verantwortung gegen\u00fcber der UkraineDie Ratifizierung des Assoziierungsabkommens zwischen der Ukraine und der EU und die Gew\u00e4hrung des visumfreien Status f\u00fcr die Ukraine seien beides entscheidende Schritte, ohne die die Ukraine nicht in den Genuss der europ\u00e4ischen Zusammenarbeit kommen k\u00f6nne, sagte N\u00e9meth.<\/p>\n<p><em>Fotos: MTI<\/em><\/p>\n","protected":false},"excerpt":{"rendered":"<p>Stra\u00dfburg (MTI) ie Ukraine muss sicherstellen, dass die auf ihrem Hoheitsgebiet lebenden nationalen Minderheiten die Sprachrechte behalten k\u00f6nnen, die sie derzeit genie\u00dfen, auch wenn das Land sein neues Sprachengesetz verabschiedet, sagte Zsolt N\u00e9meth, Vorsitzender des Ausschusses f\u00fcr ausw\u00e4rtige Angelegenheiten des Parlaments, am Mittwoch. Ukrainische Gesetzgeber haben k\u00fcrzlich einen Gesetzentwurf ausgearbeitet, der erniedrigende Behandlung oder Respektlosigkeit [&hellip;]<\/p>\n","protected":false},"author":7,"featured_media":751811,"comment_status":"open","ping_status":"open","sticky":false,"template":"","format":"standard","meta":{"_acf_changed":false,"_display_image":"","footnotes":""},"categories":[1098],"tags":[1946,1468,1092],"class_list":["post-751810","post","type-post","status-publish","format-standard","has-post-thumbnail","hentry","category-gesellschaft","tag-minderheit","tag-sprache","tag-ukraine"],"blocksy_meta":[],"acf":[],"author_username":"Szandi","telegram_post":"","public_post_metadata":{"breaking_news":"","important":"","csempe":"","center_tile":"","disable_thumbnail":"","target_lang":"","_featured_image_style":"","telegram_post":"","_xlat_group_id":""},"public_rank_math_data":{"title":"%title% %sep% %sitename%","description":"","focus_keyword":"Ukraine","canonical_url":"","robots":"","primary_category":"1098","breadcrumb_title":"","facebook_title":"","facebook_description":"","facebook_image":"","facebook_image_id":"","twitter_title":"","twitter_description":"","twitter_image":"","twitter_image_id":"","twitter_card_type":"","twitter_use_facebook":"","advanced_robots":"","pillar_content":"","seo_score":"51","contentai_score":"","rich_snippet":""},"_links":{"self":[{"href":"https:\/\/dailynewshungary.com\/de\/wp-json\/wp\/v2\/posts\/751810","targetHints":{"allow":["GET"]}}],"collection":[{"href":"https:\/\/dailynewshungary.com\/de\/wp-json\/wp\/v2\/posts"}],"about":[{"href":"https:\/\/dailynewshungary.com\/de\/wp-json\/wp\/v2\/types\/post"}],"author":[{"embeddable":true,"href":"https:\/\/dailynewshungary.com\/de\/wp-json\/wp\/v2\/users\/7"}],"replies":[{"embeddable":true,"href":"https:\/\/dailynewshungary.com\/de\/wp-json\/wp\/v2\/comments?post=751810"}],"version-history":[{"count":0,"href":"https:\/\/dailynewshungary.com\/de\/wp-json\/wp\/v2\/posts\/751810\/revisions"}],"wp:featuredmedia":[{"embeddable":true,"href":"https:\/\/dailynewshungary.com\/de\/wp-json\/wp\/v2\/media\/751811"}],"wp:attachment":[{"href":"https:\/\/dailynewshungary.com\/de\/wp-json\/wp\/v2\/media?parent=751810"}],"wp:term":[{"taxonomy":"category","embeddable":true,"href":"https:\/\/dailynewshungary.com\/de\/wp-json\/wp\/v2\/categories?post=751810"},{"taxonomy":"post_tag","embeddable":true,"href":"https:\/\/dailynewshungary.com\/de\/wp-json\/wp\/v2\/tags?post=751810"}],"curies":[{"name":"wp","href":"https:\/\/api.w.org\/{rel}","templated":true}]}}