{"id":752164,"date":"2017-01-05T17:20:38","date_gmt":"2017-01-05T16:20:38","guid":{"rendered":"https:\/\/dailynewshungary.com\/de\/vona-kritisiert-fidesz-weil-er-jobbiks-lohnforderung-abgelehnt-hat\/"},"modified":"2017-01-05T17:20:38","modified_gmt":"2017-01-05T16:20:38","slug":"vona-kritisiert-fidesz-weil-er-jobbiks-lohnforderung-abgelehnt-hat","status":"publish","type":"post","link":"https:\/\/dailynewshungary.com\/de\/vona-kritisiert-fidesz-weil-er-jobbiks-lohnforderung-abgelehnt-hat\/","title":{"rendered":"Vona kritisiert Fidesz, weil er Jobbiks Lohnforderung abgelehnt hat"},"content":{"rendered":"<p><strong>Budapest, 5. Januar (MTI) \u201eDer Oppositionsf\u00fchrer der Jobbik, G\u00e1bor Vona, hat den regierenden Fidesz daf\u00fcr kritisiert, dass er Jobbiks Aufruf, die L\u00f6hne Ungarns auf das Niveau des europ\u00e4ischen Durchschnitts anzuheben, abgelehnt hat.<\/strong><\/p>\n<p>Vona k\u00fcndigte am 18. Dezember an, dass seine Partei eine zivile Initiative starten werde, die auf die \u201cVollendung der Gr\u00fcndungsprinzipien der Europ\u00e4ischen Union\u201d abzielt mit dem Ziel, Lohnunterschiede in der Union zu beseitigen.<\/p>\n<p>In einer Pressekonferenz am Donnerstag reagierte Vona auf die Abneigung des regierungsnahen Forums der Zivilen Einheit (C\u00d6F) gegen Jobbiks Forderung und sagte \u201cIch w\u00e4re gl\u00fccklicher gewesen, wenn Fidesz direkt reagiert h\u00e4tte\u201d.<\/p>\n<p>Vona bestand darauf, dass sich die Kluft zwischen den L\u00f6hnen im Osten und Westen in den 12 Jahren der EU-Mitgliedschaft Ungarns nicht verringert habe, w\u00e4hrend die ungarischen Preise aufgeholt h\u00e4tten.<\/p>\n<p>Vona kritisierte multinationale Unternehmen auch daf\u00fcr, dass sie in Ungarn niedrigere L\u00f6hne f\u00fcr Arbeitspl\u00e4tze zahlten, die mit denen Westeuropas vergleichbar seien.<\/p>\n<p>Weit davon entfernt, eine \u201cimmer gerechtere\u201d Gemeinschaft zu werden, sei die EU weiterhin eine \u201cGemeinschaft von B\u00fcrokraten und multinationalen Kapitalisten\u201d, sagte Vona und f\u00fcgte hinzu, dass Jobbik eher eine \u201cSozialunion\u201d als eine politische fordere.<\/p>\n<p>Zum Thema der n\u00e4chsten Pr\u00e4sidentschaftswahl in Ungarn und der m\u00f6glichen Nominierung des Ex-Ombudsmanns L\u00e1szl\u00f3 Majtenyi sagte Vona, seine Partei werde ihn und Amtsinhaber J\u00e1nos \u00c1der weder unterst\u00fctzen Jobbik behalte seinen Standpunkt bei, dass der Pr\u00e4sident direkt von den W\u00e4hlern gew\u00e4hlt werden sollte, f\u00fcgte er hinzu.<\/p>\n<p>Gr\u00fcne Opposition LMP sagte, dass \u201cim Gegensatz zur Regierungspropaganda\u201d die Regierung in den vergangenen Jahren Arbeitskr\u00e4fte \u201c\u00fcberbesteuert\u201d habe, die L\u00f6hne bewusst niedrig gehalten und \u201cdie Reichen reicher und die Armen \u00e4rmer gemacht\u201d Unter Berufung auf die vom Statistischen Zentralamt (KSH) ver\u00f6ffentlichten Besch\u00e4ftigungszahlen vom Donnerstag sagte Bernadett Sz\u00e9l in einer Erkl\u00e4rung, dass es immer noch mindestens 220.000 Menschen gebe, die f\u00fcr \u201cHungerl\u00f6hne\u201d arbeiteten, und 117.000 Menschen, die wegen der niedrigen L\u00f6hne in Ungarn im Ausland arbeiteten LMP fordert einen arbeitnehmerfreundlichen und fairen Steuerplan, bei dem L\u00f6hne unterhalb des Existenzminimums steuerfrei seien, sagte sie.<\/p>\n<p>Die regierende Fidesz-Partei sagte in einer Stellungnahme als Reaktion auf die \u00c4u\u00dferungen von Vona, der Jobbik-Chef habe zuvor gesagt, Ungarn solle aus der EU austreten und nun predige er \u201c\u00fcber die Grundprinzipien von Br\u00fcssel\u201d H\u00e4tte Vona wirklich h\u00f6here L\u00f6hne f\u00fcr die Menschen gewollt, dann h\u00e4tte er f\u00fcr die Steuersenkungen und Lohnerh\u00f6hungen der Regierung gestimmt, f\u00fcgte die Erkl\u00e4rung hinzu.<\/p>\n<p><em>Foto: MTI<\/em><\/p>\n","protected":false},"excerpt":{"rendered":"<p>Budapest, 5. Januar (MTI) \u201eDer Oppositionsf\u00fchrer der Jobbik, G\u00e1bor Vona, hat den regierenden Fidesz daf\u00fcr kritisiert, dass er Jobbiks Aufruf, die L\u00f6hne Ungarns auf das Niveau des europ\u00e4ischen Durchschnitts anzuheben, abgelehnt hat. Vona k\u00fcndigte am 18. Dezember an, dass seine Partei eine zivile Initiative starten werde, die auf die \u201cVollendung der Gr\u00fcndungsprinzipien der Europ\u00e4ischen Union\u201d [&hellip;]<\/p>\n","protected":false},"author":2,"featured_media":752165,"comment_status":"open","ping_status":"open","sticky":false,"template":"","format":"standard","meta":{"_acf_changed":false,"_display_image":"","footnotes":""},"categories":[1081],"tags":[1096,1082,1632,1104],"class_list":["post-752164","post","type-post","status-publish","format-standard","has-post-thumbnail","hentry","category-politik","tag-arbeitsmarkt","tag-europaische-union","tag-jobbik","tag-wirtschaft"],"blocksy_meta":[],"acf":[],"author_username":"alk","telegram_post":"","public_post_metadata":{"breaking_news":"","important":"","csempe":"","center_tile":"","disable_thumbnail":"","target_lang":"","_featured_image_style":"","telegram_post":"","_xlat_group_id":""},"public_rank_math_data":{"title":"%title% %sep% %sitename%","description":"","focus_keyword":"Jobbik","canonical_url":"","robots":"","primary_category":"1081","breadcrumb_title":"","facebook_title":"","facebook_description":"","facebook_image":"","facebook_image_id":"","twitter_title":"","twitter_description":"","twitter_image":"","twitter_image_id":"","twitter_card_type":"","twitter_use_facebook":"","advanced_robots":"","pillar_content":"","seo_score":"57","contentai_score":"","rich_snippet":""},"_links":{"self":[{"href":"https:\/\/dailynewshungary.com\/de\/wp-json\/wp\/v2\/posts\/752164","targetHints":{"allow":["GET"]}}],"collection":[{"href":"https:\/\/dailynewshungary.com\/de\/wp-json\/wp\/v2\/posts"}],"about":[{"href":"https:\/\/dailynewshungary.com\/de\/wp-json\/wp\/v2\/types\/post"}],"author":[{"embeddable":true,"href":"https:\/\/dailynewshungary.com\/de\/wp-json\/wp\/v2\/users\/2"}],"replies":[{"embeddable":true,"href":"https:\/\/dailynewshungary.com\/de\/wp-json\/wp\/v2\/comments?post=752164"}],"version-history":[{"count":0,"href":"https:\/\/dailynewshungary.com\/de\/wp-json\/wp\/v2\/posts\/752164\/revisions"}],"wp:featuredmedia":[{"embeddable":true,"href":"https:\/\/dailynewshungary.com\/de\/wp-json\/wp\/v2\/media\/752165"}],"wp:attachment":[{"href":"https:\/\/dailynewshungary.com\/de\/wp-json\/wp\/v2\/media?parent=752164"}],"wp:term":[{"taxonomy":"category","embeddable":true,"href":"https:\/\/dailynewshungary.com\/de\/wp-json\/wp\/v2\/categories?post=752164"},{"taxonomy":"post_tag","embeddable":true,"href":"https:\/\/dailynewshungary.com\/de\/wp-json\/wp\/v2\/tags?post=752164"}],"curies":[{"name":"wp","href":"https:\/\/api.w.org\/{rel}","templated":true}]}}