{"id":752304,"date":"2016-12-31T08:00:29","date_gmt":"2016-12-31T07:00:29","guid":{"rendered":"https:\/\/dailynewshungary.com\/de\/container-mit-gefahrstoffen-fangen-im-plattenseegebiet-feuer\/"},"modified":"2016-12-31T08:00:29","modified_gmt":"2016-12-31T07:00:29","slug":"container-mit-gefahrstoffen-fangen-im-plattenseegebiet-feuer","status":"publish","type":"post","link":"https:\/\/dailynewshungary.com\/de\/container-mit-gefahrstoffen-fangen-im-plattenseegebiet-feuer\/","title":{"rendered":"Container mit Gefahrstoffen fangen im Plattenseegebiet Feuer"},"content":{"rendered":"<p><strong>Budapest (MTI) \u201eAm Freitagnachmittag fing in Balatonf zf  an der Nordostk\u00fcste des Plattensees ein Container mit gef\u00e4hrlichem Material Feuer, sagte ein Sprecher der Katastrophenmanagementdirektion des Kreises Veszprem gegen\u00fcber MTI.<\/strong><\/p>\n<p>\u00c1kos Helt sagte, das Feuer, das gel\u00f6scht wurde, bedeckte eine Fl\u00e4che von etwa 70 qm auf dem Gel\u00e4nde eines \u00f6rtlichen Unternehmens. Mehr als 20 Feuerwehrleute wurden ben\u00f6tigt, um das Feuer zu l\u00f6schen.<\/p>\n<p>Ein mobiles Katastrophenmanagementlabor habe Tests durchgef\u00fchrt, um festzustellen, ob gef\u00e4hrliches Material in die Luft eingeleitet worden sei, es bestehe jedoch keine Notwendigkeit f\u00fcr \u00f6ffentliche Schutzma\u00dfnahmen, f\u00fcgte er hinzu.<\/p>\n<p>Eine Person m\u00fcsse zur Untersuchung ins Krankenhaus gebracht werden, teilte die Direktion f\u00fcr Katastrophenmanagement auf ihrer Website mit.<\/p>\n<p>Die Polizei des Kreises Veszprem teilte auf ihrer Website mit, dass das Feuer durch eine Explosion verursacht worden sei, deren Ursache ihrer Meinung nach noch unbekannt sei.<\/p>\n","protected":false},"excerpt":{"rendered":"<p>Budapest (MTI) \u201eAm Freitagnachmittag fing in Balatonf zf an der Nordostk\u00fcste des Plattensees ein Container mit gef\u00e4hrlichem Material Feuer, sagte ein Sprecher der Katastrophenmanagementdirektion des Kreises Veszprem gegen\u00fcber MTI. \u00c1kos Helt sagte, das Feuer, das gel\u00f6scht wurde, bedeckte eine Fl\u00e4che von etwa 70 qm auf dem Gel\u00e4nde eines \u00f6rtlichen Unternehmens. Mehr als 20 Feuerwehrleute wurden [&hellip;]<\/p>\n","protected":false},"author":7,"featured_media":752305,"comment_status":"open","ping_status":"open","sticky":false,"template":"","format":"standard","meta":{"_acf_changed":false,"_display_image":"","footnotes":""},"categories":[1098],"tags":[1289,1519],"class_list":["post-752304","post","type-post","status-publish","format-standard","has-post-thumbnail","hentry","category-gesellschaft","tag-balaton","tag-katastrophe"],"blocksy_meta":[],"acf":[],"author_username":"Szandi","telegram_post":"","public_post_metadata":{"breaking_news":"","important":"","csempe":"","center_tile":"","disable_thumbnail":"","target_lang":"","_featured_image_style":"","telegram_post":"","_xlat_group_id":""},"public_rank_math_data":{"title":"%title% %sep% %sitename%","description":"","focus_keyword":"Feuer","canonical_url":"","robots":"","primary_category":"1098","breadcrumb_title":"","facebook_title":"","facebook_description":"","facebook_image":"","facebook_image_id":"","twitter_title":"","twitter_description":"","twitter_image":"","twitter_image_id":"","twitter_card_type":"","twitter_use_facebook":"","advanced_robots":"","pillar_content":"","seo_score":"50","contentai_score":"","rich_snippet":""},"_links":{"self":[{"href":"https:\/\/dailynewshungary.com\/de\/wp-json\/wp\/v2\/posts\/752304","targetHints":{"allow":["GET"]}}],"collection":[{"href":"https:\/\/dailynewshungary.com\/de\/wp-json\/wp\/v2\/posts"}],"about":[{"href":"https:\/\/dailynewshungary.com\/de\/wp-json\/wp\/v2\/types\/post"}],"author":[{"embeddable":true,"href":"https:\/\/dailynewshungary.com\/de\/wp-json\/wp\/v2\/users\/7"}],"replies":[{"embeddable":true,"href":"https:\/\/dailynewshungary.com\/de\/wp-json\/wp\/v2\/comments?post=752304"}],"version-history":[{"count":0,"href":"https:\/\/dailynewshungary.com\/de\/wp-json\/wp\/v2\/posts\/752304\/revisions"}],"wp:featuredmedia":[{"embeddable":true,"href":"https:\/\/dailynewshungary.com\/de\/wp-json\/wp\/v2\/media\/752305"}],"wp:attachment":[{"href":"https:\/\/dailynewshungary.com\/de\/wp-json\/wp\/v2\/media?parent=752304"}],"wp:term":[{"taxonomy":"category","embeddable":true,"href":"https:\/\/dailynewshungary.com\/de\/wp-json\/wp\/v2\/categories?post=752304"},{"taxonomy":"post_tag","embeddable":true,"href":"https:\/\/dailynewshungary.com\/de\/wp-json\/wp\/v2\/tags?post=752304"}],"curies":[{"name":"wp","href":"https:\/\/api.w.org\/{rel}","templated":true}]}}