{"id":752335,"date":"2016-12-29T15:10:04","date_gmt":"2016-12-29T14:10:04","guid":{"rendered":"https:\/\/dailynewshungary.com\/de\/offiziell-ungarns-wirtschaftsaussichten-sind-rosig\/"},"modified":"2016-12-29T15:10:04","modified_gmt":"2016-12-29T14:10:04","slug":"offiziell-ungarns-wirtschaftsaussichten-sind-rosig","status":"publish","type":"post","link":"https:\/\/dailynewshungary.com\/de\/offiziell-ungarns-wirtschaftsaussichten-sind-rosig\/","title":{"rendered":"Offiziell: Ungarns Wirtschaftsaussichten sind rosig"},"content":{"rendered":"<p><strong>Budapest, 29. Dezember (MTI) \u2013 Ungarns Wirtschaftsaussichten sehen vielversprechend aus, sagte ein Beamter des Wirtschaftsministeriums am Donnerstag auf einer Pressekonferenz.<\/strong><\/p>\n<p>\u00c1gnes Hornung, Staatssekret\u00e4r f\u00fcr Finanzangelegenheiten, sagte, dass die Wirtschaft trotz eines R\u00fcckgangs bei der Inanspruchnahme von Mitteln der Europ\u00e4ischen Union in diesem Jahr voraussichtlich um \u00fcber 2 Prozent wachsen werde.<\/p>\n<p>Der Wachstumsmotor in den n\u00e4chsten Jahren werde der Konsum, die Dienstleistungen und die Landwirtschaft sein, sagte sieEin Aufschwung in der Industrie werde durch neue Modelle unterst\u00fctzt, die in ungarischen Automobilwerken online gehen, die voraussichtlich wieder ihre volle Kapazit\u00e4t erreichen werdenIn der Zwischenzeit wird der Bau dank staatlicher Ma\u00dfnahmen zur Ankurbelung des Wohnungsmarktes einen Aufschwung bekommenf\u00fcgte sie hinzu.<\/p>\n<p>Da mehr EU-Gelder zum Einsatz kommen, werden wirtschaftliche Entwicklungsprojekte auch die Position kleiner und mittlerer Unternehmen st\u00e4rken, sagte Hornung.<\/p>\n<p>Unter Ber\u00fccksichtigung all dieser Faktoren deutet die Anfang Dezember ver\u00f6ffentlichte Prognose des Ministeriums darauf hin, dass das BIP im n\u00e4chsten Jahr um 4,1 Prozent und im Jahr 2018 um 4,3 Prozent wachsen wird, sagte sie.<\/p>\n<p>Gleichzeitig k\u00f6nnte ein potenzieller Wachstumshindernis in den kommenden Jahren ein Fachkr\u00e4ftemangel sein, daher m\u00fcssen Anstrengungen unternommen werden, um in Ungarn entsprechend ausgebildete Arbeitskr\u00e4fte und ein hohes Produktivit\u00e4tsniveau bei angemessenen L\u00f6hnen sicherzustellen, sagte der Staatssekret\u00e4r und verwies auf den im November geschlossenen Sechsjahreslohnvertrag.<\/p>\n","protected":false},"excerpt":{"rendered":"<p>Budapest, 29. Dezember (MTI) \u2013 Ungarns Wirtschaftsaussichten sehen vielversprechend aus, sagte ein Beamter des Wirtschaftsministeriums am Donnerstag auf einer Pressekonferenz. \u00c1gnes Hornung, Staatssekret\u00e4r f\u00fcr Finanzangelegenheiten, sagte, dass die Wirtschaft trotz eines R\u00fcckgangs bei der Inanspruchnahme von Mitteln der Europ\u00e4ischen Union in diesem Jahr voraussichtlich um \u00fcber 2 Prozent wachsen werde. Der Wachstumsmotor in den n\u00e4chsten [&hellip;]<\/p>\n","protected":false},"author":7,"featured_media":752336,"comment_status":"open","ping_status":"open","sticky":false,"template":"","format":"standard","meta":{"_acf_changed":false,"_display_image":"","footnotes":""},"categories":[1281],"tags":[1104],"class_list":["post-752335","post","type-post","status-publish","format-standard","has-post-thumbnail","hentry","category-geschaft","tag-wirtschaft"],"blocksy_meta":[],"acf":[],"author_username":"Szandi","telegram_post":"","public_post_metadata":{"breaking_news":"","important":"","csempe":"","center_tile":"","disable_thumbnail":"","target_lang":"","_featured_image_style":"","telegram_post":"","_xlat_group_id":""},"public_rank_math_data":{"title":"%title% %sep% %sitename%","description":"","focus_keyword":"Ausblick","canonical_url":"","robots":"","primary_category":"1281","breadcrumb_title":"","facebook_title":"","facebook_description":"","facebook_image":"","facebook_image_id":"","twitter_title":"","twitter_description":"","twitter_image":"","twitter_image_id":"","twitter_card_type":"","twitter_use_facebook":"","advanced_robots":"","pillar_content":"","seo_score":"56","contentai_score":"","rich_snippet":""},"_links":{"self":[{"href":"https:\/\/dailynewshungary.com\/de\/wp-json\/wp\/v2\/posts\/752335","targetHints":{"allow":["GET"]}}],"collection":[{"href":"https:\/\/dailynewshungary.com\/de\/wp-json\/wp\/v2\/posts"}],"about":[{"href":"https:\/\/dailynewshungary.com\/de\/wp-json\/wp\/v2\/types\/post"}],"author":[{"embeddable":true,"href":"https:\/\/dailynewshungary.com\/de\/wp-json\/wp\/v2\/users\/7"}],"replies":[{"embeddable":true,"href":"https:\/\/dailynewshungary.com\/de\/wp-json\/wp\/v2\/comments?post=752335"}],"version-history":[{"count":0,"href":"https:\/\/dailynewshungary.com\/de\/wp-json\/wp\/v2\/posts\/752335\/revisions"}],"wp:featuredmedia":[{"embeddable":true,"href":"https:\/\/dailynewshungary.com\/de\/wp-json\/wp\/v2\/media\/752336"}],"wp:attachment":[{"href":"https:\/\/dailynewshungary.com\/de\/wp-json\/wp\/v2\/media?parent=752335"}],"wp:term":[{"taxonomy":"category","embeddable":true,"href":"https:\/\/dailynewshungary.com\/de\/wp-json\/wp\/v2\/categories?post=752335"},{"taxonomy":"post_tag","embeddable":true,"href":"https:\/\/dailynewshungary.com\/de\/wp-json\/wp\/v2\/tags?post=752335"}],"curies":[{"name":"wp","href":"https:\/\/api.w.org\/{rel}","templated":true}]}}