{"id":752355,"date":"2016-12-28T14:55:31","date_gmt":"2016-12-28T13:55:31","guid":{"rendered":"https:\/\/dailynewshungary.com\/de\/szijjarto-haushaltsdisziplin-ist-der-schlussel-zur-wiederherstellung-der-wettbewerbsfahigkeit-der-eu\/"},"modified":"2016-12-28T14:55:31","modified_gmt":"2016-12-28T13:55:31","slug":"szijjarto-haushaltsdisziplin-ist-der-schlussel-zur-wiederherstellung-der-wettbewerbsfahigkeit-der-eu","status":"publish","type":"post","link":"https:\/\/dailynewshungary.com\/de\/szijjarto-haushaltsdisziplin-ist-der-schlussel-zur-wiederherstellung-der-wettbewerbsfahigkeit-der-eu\/","title":{"rendered":"Szijj\u00e1rt\u00f3: Haushaltsdisziplin ist der Schl\u00fcssel zur Wiederherstellung der Wettbewerbsf\u00e4higkeit der EU"},"content":{"rendered":"<p><strong>Berlin, 28. Dezember (MTI) 28. Dezember Ungarn und Deutschland sind sich einig, dass die Wiederherstellung der Wettbewerbsf\u00e4higkeit der Europ\u00e4ischen Union von zentraler Bedeutung ist, und dies kann nur erreicht werden, wenn alle Mitgliedstaaten wieder auf die Einhaltung der Haushaltsdisziplin zur\u00fcckgreifen, sagte Au\u00dfenminister P\u00e9ter Szijj\u00e1rt\u00f3 der deutschen konservativen Tageszeitung Die Welt in einem am Mittwoch ver\u00f6ffentlichten Interview.<\/strong><\/p>\n<p>Ungarn und Deutschland stehen in EU-Angelegenheiten in st\u00e4ndiger Kommunikation, sagte der Minister dem PapierUnd obwohl die Position Deutschlands f\u00fcr Ungarn \u201cetwas einen Kompass\u201d in au\u00dfenpolitischen Angelegenheiten darstellt, sind sich Ungarn und Deutschland in der Frage der illegalen Migration uneinig, sagte er.<\/p>\n<p>Szijj\u00e1rt\u00f3o sagte, die Einhaltung der Haushaltsdisziplin bedeute, dass die Mitgliedstaaten \u201cnicht auf das Geld anderer L\u00e4nder spekulieren k\u00f6nnen\u201d und dass sie alles tun m\u00fcssten, um die Herausforderungen des \u201cdigitalen und revolution\u00e4r neuen Wirtschaftszeitalters\u201d zu meisternUngarn und Deutschland seien sich in diesen entscheidenden Fragen voll einig, f\u00fcgte er hinzu.<\/p>\n<p>Der Minister nannte Deutschland Ungarns wirtschaftlichen und politischen Verb\u00fcndeten Nummer eins. Er merkte an, dass es in Ungarn 6.000 deutsche Unternehmen gebe, die Gesch\u00e4fte machen und 300.000 Menschen besch\u00e4ftigen Etwa 27 Prozent des ungarischen Au\u00dfenhandelsumsatzes entf\u00e4llt auf Deutschland, sagte Szijj\u00e1rt\u00f3 und f\u00fcgte hinzu, dass Ungarn das \u201cwichtigste Hinterland\u201d f\u00fcr die deutsche Automobilindustrie sei.<\/p>\n<p>Szijj\u00e1rt\u00f3 \u00e4u\u00dferte sich zu dem Vorschlag, dass beide L\u00e4nder auch den Aufbau einer gemeinsamen europ\u00e4ischen Armee unterst\u00fctzen, und sagte, Ungarn sei davon \u00fcberzeugt, dass der europ\u00e4ische Arm der NATO gest\u00e4rkt werden m\u00fcsse und dass es falsch sei, sich ausschlie\u00dflich auf die Vereinigten Staaten zu verlassen, um die Sicherheit Europas zu wahren. Auf die Frage, ob eine gemeinsame europ\u00e4ische Armee mit dem Ziel aufgebaut werden w\u00fcrde, Russland entgegenzuwirken, sagte Szijj\u00e1rt\u00f3, es sei f\u00fcr Europa und Russland von entscheidender Bedeutung, ihre Beziehungen zu normalisieren. Der Minister sagte, die Zusammenarbeit zwischen der EU und Russland auf der Grundlage gegenseitigen Respekts und der Achtung des V\u00f6lkerrechts diene den wirtschaftlichen und sicherheitspolitischen Interessen Ungarns Er sagte, es sei unm\u00f6glich, dass der Kontinent ohne die Zusammenarbeit zwischen seinem westlichen und \u00f6stlichen Teil seine Wettbewerbsf\u00e4higkeit wiedererlangen k\u00f6nne.<\/p>\n<p>Auf die Frage, ob Ungarn und Deutschland sich in der europ\u00e4ischen Fl\u00fcchtlingskrise angen\u00e4hert h\u00e4tten, betonte Szijj\u00e1rt\u00f3, dass Ungarns Position zu diesem Thema seit zwei Jahren unver\u00e4ndert sei \u201eWir glauben, dass illegale Migration sch\u00e4dlich und eine Bedrohung f\u00fcr Europa ist\u201csagte er und f\u00fcgte hinzu, dass die Grenzen Europas gesch\u00fctzt werden m\u00fcssen und denjenigen, die nach Europa einreisen wollen, klar gemacht werden muss, dass ihnen dies nur legal gestattet ist.<\/p>\n<p>Er sagte, Europa solle aufh\u00f6ren, Migranten \u201czum Aufbruch auf den Kontinent zu ermutigen\u201d, und f\u00fcgte hinzu, dass die obligatorische Migrantenquotenregelung der EU abgeschafft werden sollte, da sie \u201ceinen schweren Versto\u00df gegen europ\u00e4ische Regeln\u201d darstelle.<\/p>\n<p>Auf die Frage, ob Ungarn und Deutschland auf einer Linie seien, ob die EU mehr oder weniger Integration brauche, sagte der Minister, Ungarn sei dagegen, mehr Kompetenzen von den Mitgliedstaaten wegzu\u00fcbertragen. Ungarns Interessen liegen in einem starken Europa, aber der Block kann nur stark sein, wenn seine Mitgliedstaaten stark sind, sagte er.<\/p>\n<p>Auf die Frage, ob die Intensivierung der Zusammenarbeit zwischen den Visegr\u00e1d Four (V4)-L\u00e4ndern darauf abzielte, dem Einfluss Deutschlands auf die EU entgegenzuwirken, sagte Szijj\u00e1rt\u00f3, dass sich die V4-Allianz nicht gegen einen Staat richte. Er sagte, die V4-Gruppierung der Tschechischen Republik, Ungarns, Polens und der Slowakei sei in neun von zehn gro\u00dfen Fragen v\u00f6llig einer Meinung. Obwohl es unterschiedliche Ansichten \u00fcber die Beziehungen zu Russland gebe, gef\u00e4hrde dies nicht die Zusammenarbeit in anderen Bereichen, f\u00fcgte er hinzu. Auf die m\u00f6gliche Ausweitung der V4 auf \u00d6sterreich angesprochen, sagte Szijj\u00e1rt\u00f3, dass die Allianz als V4 bestehen bleibe und f\u00fcgte gleichzeitig hinzu, dass die Gruppe bereit sei, mit anderen L\u00e4ndern in der Region \u201e4\u201czuarbeiten.\u201d.<\/p>\n<p>Auf die Bitte, sich dazu zu \u00e4u\u00dfern, dass Premierminister Viktor Orb\u00e1n im Vorfeld der US-Pr\u00e4sidentschaftswahl der erste und einzige EU-Chef war, der Donald Trump unterst\u00fctzte, sagte Szijjr\u00e1t\u00f3, bei der Unterst\u00fctzung des Premierministers gehe es lediglich darum, \u201eunsere Meinung zum Ausdruck zu bringen\u201cEr sagte, die ungarische Regierung sehe Trumps au\u00dfen- und einwanderungspolitischen Plan f\u00fcr Europa g\u00fcnstiger als die Pl\u00e4ne der Demokratischen Partei. Auf die Frage, wie Trumps Pr\u00e4sidentschaft Ungarn oder Mittel- und Osteuropa zugute kommen k\u00f6nnte, sagte Szijj\u00e1rt\u00f3 \u201eDie Trump-Regierung wird f\u00fcr die ganze Welt besser sein\u201d Die US-Au\u00dfenpolitik konzentrierte sich bisher auf \u201eden Export der Demokratie\u201cdie in S\u00fcdosteuropa, was wir jetzt optimistisch sind, was wir glauben, was wir in S\u00fcdseuropa sogar noch mehr tun.<\/p>\n<p>Auf die Frage, wann Orb\u00e1n Trump in Washington besuchen w\u00fcrde und warum der ungarische Premierminister dem Wei\u00dfen Haus unter dem scheidenden Pr\u00e4sidenten Barack Obama keinen Besuch abgestattet habe, sagte Szijj\u00e1rt\u00f3, Orb\u00e1n und Trump h\u00e4tten sich in einem Telefonat mit den beiden auf ein Treffen in Washington geeinigt letzten Monat ausgetauscht und f\u00fcgte hinzu, dass der Termin f\u00fcr ihr Treffen nach Trumps Amtseinf\u00fchrung im Januar festgelegt werde. Er sagte, da die ungarische Regierung den USA in den letzten Jahren nicht erlaubt habe, sich in ihre inneren Angelegenheiten einzumischen, und da sie keine von Washington unterst\u00fctzten Ma\u00dfnahmen umgesetzt habe, hatte die Regierung nicht mit einem hochrangigen bilateralen Treffen zwischen den beiden L\u00e4ndern gerechnet.<\/p>\n","protected":false},"excerpt":{"rendered":"<p>Berlin, 28. Dezember (MTI) 28. Dezember Ungarn und Deutschland sind sich einig, dass die Wiederherstellung der Wettbewerbsf\u00e4higkeit der Europ\u00e4ischen Union von zentraler Bedeutung ist, und dies kann nur erreicht werden, wenn alle Mitgliedstaaten wieder auf die Einhaltung der Haushaltsdisziplin zur\u00fcckgreifen, sagte Au\u00dfenminister P\u00e9ter Szijj\u00e1rt\u00f3 der deutschen konservativen Tageszeitung Die Welt in einem am Mittwoch ver\u00f6ffentlichten [&hellip;]<\/p>\n","protected":false},"author":7,"featured_media":752356,"comment_status":"open","ping_status":"open","sticky":false,"template":"","format":"standard","meta":{"_acf_changed":false,"_display_image":"","footnotes":""},"categories":[1281],"tags":[1177,1082,1118],"class_list":["post-752355","post","type-post","status-publish","format-standard","has-post-thumbnail","hentry","category-geschaft","tag-deutschland","tag-europaische-union","tag-geld"],"blocksy_meta":[],"acf":[],"author_username":"Szandi","telegram_post":"","public_post_metadata":{"breaking_news":"","important":"","csempe":"","center_tile":"","disable_thumbnail":"","target_lang":"","_featured_image_style":"","telegram_post":"","_xlat_group_id":""},"public_rank_math_data":{"title":"%title% %sep% %sitename%","description":"","focus_keyword":"Wettbewerbsf\u00e4higkeit","canonical_url":"","robots":"","primary_category":"1281","breadcrumb_title":"","facebook_title":"","facebook_description":"","facebook_image":"","facebook_image_id":"","twitter_title":"","twitter_description":"","twitter_image":"","twitter_image_id":"","twitter_card_type":"","twitter_use_facebook":"","advanced_robots":"","pillar_content":"","seo_score":"50","contentai_score":"","rich_snippet":""},"_links":{"self":[{"href":"https:\/\/dailynewshungary.com\/de\/wp-json\/wp\/v2\/posts\/752355","targetHints":{"allow":["GET"]}}],"collection":[{"href":"https:\/\/dailynewshungary.com\/de\/wp-json\/wp\/v2\/posts"}],"about":[{"href":"https:\/\/dailynewshungary.com\/de\/wp-json\/wp\/v2\/types\/post"}],"author":[{"embeddable":true,"href":"https:\/\/dailynewshungary.com\/de\/wp-json\/wp\/v2\/users\/7"}],"replies":[{"embeddable":true,"href":"https:\/\/dailynewshungary.com\/de\/wp-json\/wp\/v2\/comments?post=752355"}],"version-history":[{"count":0,"href":"https:\/\/dailynewshungary.com\/de\/wp-json\/wp\/v2\/posts\/752355\/revisions"}],"wp:featuredmedia":[{"embeddable":true,"href":"https:\/\/dailynewshungary.com\/de\/wp-json\/wp\/v2\/media\/752356"}],"wp:attachment":[{"href":"https:\/\/dailynewshungary.com\/de\/wp-json\/wp\/v2\/media?parent=752355"}],"wp:term":[{"taxonomy":"category","embeddable":true,"href":"https:\/\/dailynewshungary.com\/de\/wp-json\/wp\/v2\/categories?post=752355"},{"taxonomy":"post_tag","embeddable":true,"href":"https:\/\/dailynewshungary.com\/de\/wp-json\/wp\/v2\/tags?post=752355"}],"curies":[{"name":"wp","href":"https:\/\/api.w.org\/{rel}","templated":true}]}}