{"id":752359,"date":"2016-12-28T09:40:16","date_gmt":"2016-12-28T08:40:16","guid":{"rendered":"https:\/\/dailynewshungary.com\/de\/die-regierung-erwartet-im-quotenfall-eine-rechtliche-statt-politische-entscheidung\/"},"modified":"2016-12-28T09:40:16","modified_gmt":"2016-12-28T08:40:16","slug":"die-regierung-erwartet-im-quotenfall-eine-rechtliche-statt-politische-entscheidung","status":"publish","type":"post","link":"https:\/\/dailynewshungary.com\/de\/die-regierung-erwartet-im-quotenfall-eine-rechtliche-statt-politische-entscheidung\/","title":{"rendered":"Die Regierung erwartet im Quotenfall eine \u201erechtliche statt politische Entscheidung\u2019"},"content":{"rendered":"<p><strong>Budapest, 28. Dezember (MTI) (Die ungarische Regierung vertraut darauf, dass der Europ\u00e4ische Gerichtshof (EuGH) in dem Fall, der die obligatorischen Migrantenquoten der Europ\u00e4ischen Union betrifft, eine &#8216;rechtliche statt politische Entscheidung treffen wird, sagte P\u00e1l V\u00f6lner, Staatssekret\u00e4r der Justiz, am Mittwoch in einem Interview in der Tageszeitung Magyar H\u00edrlap.<\/strong><\/p>\n<p>Die Regierung wandte sich im Dezember 2015 wegen der Quotenregelung an den EuGH und forderte das Gericht auf, die Entschlie\u00dfung des Europ\u00e4ischen Rates zur Umverteilung von Asylbewerbern unter den EU-Mitgliedstaaten aufzuheben.<\/p>\n<p>\u201cJetzt hat sogar der europ\u00e4ische politische Mainstream erkannt, dass die Herausforderung real ist\u201d, sagte V\u00f6lner und f\u00fcgte hinzu, dass \u201cdie europ\u00e4ischen Politiker die \u00f6ffentliche Meinung einfach nicht ignorieren sollten\u201d<\/p>\n<p>Griechenland und Italien unterst\u00fctzen offensichtlich die vom Europ\u00e4ischen Rat favorisierte Quotenregelung, Deutschland, Frankreich und die Europ\u00e4ische Kommission ebenfalls \u201cDer harte Kern hat die Reihen geschlossen\u201d, sagte V\u00f6lner.<\/p>\n<p>Er f\u00fcgte jedoch hinzu, dass Polen die Einw\u00e4nde Ungarns und der Slowakei gegen die Migrantenquoten teile.<\/p>\n","protected":false},"excerpt":{"rendered":"<p>Budapest, 28. Dezember (MTI) (Die ungarische Regierung vertraut darauf, dass der Europ\u00e4ische Gerichtshof (EuGH) in dem Fall, der die obligatorischen Migrantenquoten der Europ\u00e4ischen Union betrifft, eine &#8216;rechtliche statt politische Entscheidung treffen wird, sagte P\u00e1l V\u00f6lner, Staatssekret\u00e4r der Justiz, am Mittwoch in einem Interview in der Tageszeitung Magyar H\u00edrlap. Die Regierung wandte sich im Dezember 2015 [&hellip;]<\/p>\n","protected":false},"author":7,"featured_media":752360,"comment_status":"open","ping_status":"open","sticky":false,"template":"","format":"standard","meta":{"_acf_changed":false,"_display_image":"","footnotes":""},"categories":[1081],"tags":[1082,1871],"class_list":["post-752359","post","type-post","status-publish","format-standard","has-post-thumbnail","hentry","category-politik","tag-europaische-union","tag-migrantenquoten"],"blocksy_meta":[],"acf":[],"author_username":"Szandi","telegram_post":"","public_post_metadata":{"breaking_news":"","important":"","csempe":"","center_tile":"","disable_thumbnail":"","target_lang":"","_featured_image_style":"","telegram_post":"","_xlat_group_id":""},"public_rank_math_data":{"title":"%title% %sep% %sitename%","description":"","focus_keyword":"","canonical_url":"","robots":"","primary_category":"1081","breadcrumb_title":"","facebook_title":"","facebook_description":"","facebook_image":"","facebook_image_id":"","twitter_title":"","twitter_description":"","twitter_image":"","twitter_image_id":"","twitter_card_type":"","twitter_use_facebook":"","advanced_robots":"","pillar_content":"","seo_score":"","contentai_score":"","rich_snippet":""},"_links":{"self":[{"href":"https:\/\/dailynewshungary.com\/de\/wp-json\/wp\/v2\/posts\/752359","targetHints":{"allow":["GET"]}}],"collection":[{"href":"https:\/\/dailynewshungary.com\/de\/wp-json\/wp\/v2\/posts"}],"about":[{"href":"https:\/\/dailynewshungary.com\/de\/wp-json\/wp\/v2\/types\/post"}],"author":[{"embeddable":true,"href":"https:\/\/dailynewshungary.com\/de\/wp-json\/wp\/v2\/users\/7"}],"replies":[{"embeddable":true,"href":"https:\/\/dailynewshungary.com\/de\/wp-json\/wp\/v2\/comments?post=752359"}],"version-history":[{"count":0,"href":"https:\/\/dailynewshungary.com\/de\/wp-json\/wp\/v2\/posts\/752359\/revisions"}],"wp:featuredmedia":[{"embeddable":true,"href":"https:\/\/dailynewshungary.com\/de\/wp-json\/wp\/v2\/media\/752360"}],"wp:attachment":[{"href":"https:\/\/dailynewshungary.com\/de\/wp-json\/wp\/v2\/media?parent=752359"}],"wp:term":[{"taxonomy":"category","embeddable":true,"href":"https:\/\/dailynewshungary.com\/de\/wp-json\/wp\/v2\/categories?post=752359"},{"taxonomy":"post_tag","embeddable":true,"href":"https:\/\/dailynewshungary.com\/de\/wp-json\/wp\/v2\/tags?post=752359"}],"curies":[{"name":"wp","href":"https:\/\/api.w.org\/{rel}","templated":true}]}}