{"id":752415,"date":"2016-12-24T12:30:04","date_gmt":"2016-12-24T11:30:04","guid":{"rendered":"https:\/\/dailynewshungary.com\/de\/interview-orban-ungarn-insel-der-stabilitat\/"},"modified":"2016-12-24T12:30:04","modified_gmt":"2016-12-24T11:30:04","slug":"interview-orban-ungarn-insel-der-stabilitat","status":"publish","type":"post","link":"https:\/\/dailynewshungary.com\/de\/interview-orban-ungarn-insel-der-stabilitat\/","title":{"rendered":"Interview \u2013 Orb\u00e1n: Ungarn \u2018Insel der Stabilit\u00e4t\u2019"},"content":{"rendered":"<p><strong>Budapest, 24. Dezember (MTI) \u201eUngarn ist eine Insel der Stabilit\u00e4t in der westlichen Welt, die in Aufruhr ist, sagte Premierminister Viktor Orb\u00e1n in einem am Samstag ver\u00f6ffentlichten Interview mit der regionalen Pressegruppe Mediaworks.<\/strong><\/p>\n<blockquote>\n<p>\u201cUnser Ziel ist es, Ungarn zum Sieger zu machen\u201d, sagte Orb\u00e1n.<\/p>\n<\/blockquote>\n<p>Mit Bezug auf die j\u00fcngsten Terroranschl\u00e4ge in Berlin sagte er, es sei beispiellos, dass zu Weihnachten Christen im Herzen Europas get\u00f6tet w\u00fcrden.<\/p>\n<p>Zur Migrantenfrage sagte er, es sei offensichtlich, dass nichts so bleiben k\u00f6nne, wie es sei, und Br\u00fcssel m\u00fcsse eine \u00c4nderung vornehmenDie Menschen, die illegal in Europa angekommen sind, m\u00fcssen an einen Ort au\u00dferhalb Europas zur\u00fcckgebracht werden, und die Grenzen m\u00fcssen gesch\u00fctzt werdenf\u00fcgte er hinzu.<\/p>\n<p>Niemand h\u00e4tte vor einem Jahr geglaubt, dass das Vereinigte K\u00f6nigreich aus der Europ\u00e4ischen Union austreten w\u00fcrde und \u201cder Clinton-Clan, die traditionelle Partei der amerikanischen Intellektuellen\u201d von der Macht fallen w\u00fcrde, sagte Orb\u00e1nEs gab laut Orb\u00e1n eine \u201cRebellion\u201d in den beiden Modelldemokratien der Welt, die 2017 weitergehen wird und die westlichen Demokratien ein \u201cJahr der Rebellion\u201d durchmachen werden.<\/p>\n<p>Ungarn k\u00f6nne eine Insel der Stabilit\u00e4t sein, weil \u201cwir 2015 und 2016 um die Meinung der Menschen gebeten und das Land vor illegaler Migration gesch\u00fctzt haben\u201d, sagte er.<\/p>\n<p>Orb\u00e1n sagte, der europ\u00e4ische Traum sei vorbei und w\u00e4hrend in der Vergangenheit Entscheidungen \u00fcber die Verteilung von Geld getroffen werden mussten, sei derzeit ein allgemeines Gef\u00fchl der Sparma\u00dfnahmen die Norm.<\/p>\n<p>Westeuropa nimmt seit Jahrzehnten Migranten auf, aber ihre Integration sei ein \u201eoffensichtlicher Misserfolg\u201c\u201eDie Menschen in mehreren westeurop\u00e4ischen St\u00e4dten haben ihr Sicherheitsgef\u00fchl verloren und die Kriminalit\u00e4t hat zugenommen, ebenso wie die Bedrohung durch den Terrorismus, sagte Orb\u00e1n. Wirtschaftsabschwung, Kriminalit\u00e4t, Terror, Migration, Entscheidungsunf\u00e4higkeit und unaufrichtige Kommunikation haben sich in der westlichen Welt zusammengesetzt und die Staats- und Regierungschefs haben keine L\u00f6sung gefunden, f\u00fcgte Orb\u00e1n hinzu.<\/p>\n<p>\u201cWir sind Menschen mit Ursprung im Osten aber wir geh\u00f6ren zur westlichen Welt\u201d, beschrieb er die Ungarn, demzufolge liegt es im Interesse des Landes, dass der Westen erfolgreich sein soll und Europa \u201cuns nicht ver\u00e4ndern will, sondern akzeptiert und respektiert, dass wir Ungarn sind und Ungarn bleiben werden\u201d Nicht alles soll laut Orb\u00e1n aus Westeuropa \u00fcbernommen werden und \u201calles Schlechte muss entschieden abgelehnt werden\u201d.<\/p>\n<p>\u201cWir werden auch Nein sagen\u201d, wenn Br\u00fcssel Ungarn dazu bringen will, seine Regelung zur Senkung der \u00f6ffentlichen Versorgungsgeb\u00fchren zur\u00fcckzunehmen, f\u00fcgte er hinzu.<\/p>\n<p>Orb\u00e1n sagte, das Hauptziel f\u00fcr 2017 sei, dass es sich f\u00fcr die Menschen lohne, in Ungarn zu arbeiten. Die Regierung senkt die Steuern f\u00fcr Arbeitgeber, um den Weg f\u00fcr steigende L\u00f6hne zu ebnen.<\/p>\n<p>Auf eine Frage zu Reformen im Gesundheitswesen und im Bildungswesen wies Orb\u00e1n Behauptungen zur\u00fcck, dass die Reformen zum Stillstand gekommen seien, und sagte, 71 Krankenh\u00e4user seien umgestaltet worden und die L\u00f6hne f\u00fcr \u00c4rzte und Krankenschwestern w\u00fcrden in den Jahren 2017 und 2018 schrittweise erh\u00f6ht Die L\u00f6hne der Lehrer seien um 50 Prozent gestiegen und neue Schulen w\u00fcrden er\u00f6ffnet, f\u00fcgte er hinzu.<\/p>\n<p>Zu den wiederholten Korruptionsvorw\u00fcrfen der Opposition unter den Regierungsparteien sagte er, es sei notwendig, klarzustellen, dass \u201cwir Machtmissbrauch nicht dulden\u201d Der Grund daf\u00fcr, dass Geld f\u00fcr Rentenerh\u00f6hung, Familienunterst\u00fctzung und kostenlose Lehrb\u00fccher f\u00fcr Kinder \u00fcbrig bleibt, sei, dass \u201cich es nicht dulde, dass Geld gestohlen wird\u201d, f\u00fcgte Orb\u00e1n hinzu.<\/p>\n<p>Auf eine Frage zur Nominierung des Pr\u00e4sidenten antwortete er, Pr\u00e4sident J\u00e1nos \u00c1der sei in der Regierungspartei Fidesz hoch angesehen und wenn er bereit sei, das Amt erneut zu \u00fcbernehmen, werde er nominiert.<\/p>\n<p><em>Foto: MTI<\/em><\/p>\n","protected":false},"excerpt":{"rendered":"<p>Budapest, 24. Dezember (MTI) \u201eUngarn ist eine Insel der Stabilit\u00e4t in der westlichen Welt, die in Aufruhr ist, sagte Premierminister Viktor Orb\u00e1n in einem am Samstag ver\u00f6ffentlichten Interview mit der regionalen Pressegruppe Mediaworks. \u201cUnser Ziel ist es, Ungarn zum Sieger zu machen\u201d, sagte Orb\u00e1n. Mit Bezug auf die j\u00fcngsten Terroranschl\u00e4ge in Berlin sagte er, es [&hellip;]<\/p>\n","protected":false},"author":2,"featured_media":752416,"comment_status":"open","ping_status":"open","sticky":false,"template":"","format":"standard","meta":{"_acf_changed":false,"_display_image":"","footnotes":""},"categories":[1081],"tags":[1128],"class_list":["post-752415","post","type-post","status-publish","format-standard","has-post-thumbnail","hentry","category-politik","tag-viktor-orban"],"blocksy_meta":[],"acf":[],"author_username":"alk","telegram_post":"","public_post_metadata":{"breaking_news":"","important":"","csempe":"","center_tile":"","disable_thumbnail":"","target_lang":"","_featured_image_style":"","telegram_post":"","_xlat_group_id":""},"public_rank_math_data":{"title":"%title% %sep% %sitename%","description":"","focus_keyword":"Orb\u00e1n","canonical_url":"","robots":"","primary_category":"1081","breadcrumb_title":"","facebook_title":"","facebook_description":"","facebook_image":"","facebook_image_id":"","twitter_title":"","twitter_description":"","twitter_image":"","twitter_image_id":"","twitter_card_type":"","twitter_use_facebook":"","advanced_robots":"","pillar_content":"","seo_score":"60","contentai_score":"","rich_snippet":""},"_links":{"self":[{"href":"https:\/\/dailynewshungary.com\/de\/wp-json\/wp\/v2\/posts\/752415","targetHints":{"allow":["GET"]}}],"collection":[{"href":"https:\/\/dailynewshungary.com\/de\/wp-json\/wp\/v2\/posts"}],"about":[{"href":"https:\/\/dailynewshungary.com\/de\/wp-json\/wp\/v2\/types\/post"}],"author":[{"embeddable":true,"href":"https:\/\/dailynewshungary.com\/de\/wp-json\/wp\/v2\/users\/2"}],"replies":[{"embeddable":true,"href":"https:\/\/dailynewshungary.com\/de\/wp-json\/wp\/v2\/comments?post=752415"}],"version-history":[{"count":0,"href":"https:\/\/dailynewshungary.com\/de\/wp-json\/wp\/v2\/posts\/752415\/revisions"}],"wp:featuredmedia":[{"embeddable":true,"href":"https:\/\/dailynewshungary.com\/de\/wp-json\/wp\/v2\/media\/752416"}],"wp:attachment":[{"href":"https:\/\/dailynewshungary.com\/de\/wp-json\/wp\/v2\/media?parent=752415"}],"wp:term":[{"taxonomy":"category","embeddable":true,"href":"https:\/\/dailynewshungary.com\/de\/wp-json\/wp\/v2\/categories?post=752415"},{"taxonomy":"post_tag","embeddable":true,"href":"https:\/\/dailynewshungary.com\/de\/wp-json\/wp\/v2\/tags?post=752415"}],"curies":[{"name":"wp","href":"https:\/\/api.w.org\/{rel}","templated":true}]}}