{"id":752502,"date":"2016-12-20T22:20:35","date_gmt":"2016-12-20T21:20:35","guid":{"rendered":"https:\/\/dailynewshungary.com\/de\/ehemaliger-sozialistischer-abgeordneter-erwirbt-taglich-nepszava-szabadfold-wochentlich-vasarnapi-hirek\/"},"modified":"2016-12-20T22:20:35","modified_gmt":"2016-12-20T21:20:35","slug":"ehemaliger-sozialistischer-abgeordneter-erwirbt-taglich-nepszava-szabadfold-wochentlich-vasarnapi-hirek","status":"publish","type":"post","link":"https:\/\/dailynewshungary.com\/de\/ehemaliger-sozialistischer-abgeordneter-erwirbt-taglich-nepszava-szabadfold-wochentlich-vasarnapi-hirek\/","title":{"rendered":"Ehemaliger sozialistischer Abgeordneter erwirbt t\u00e4glich N\u00e9pszava, Szabadf\u00f6ld, w\u00f6chentlich Vas\u00e1rnapi H\u00edrek"},"content":{"rendered":"<p><strong>Budapest, 20. Dezember (MTI) Die Horizont Handels und Industrie AG, im Besitz des ehemaligen sozialistischen Abgeordneten und Parteischatzmeisters L\u00e1szl\u00f3 Puch und von D\u00e9nes Simon, hat die Tageszeitung Nepszava sowie die Wochenzeitung Vas\u00e1rnapi H\u00edrek als Teil des ehemaligen Geomedia-Zeitungsportfolios erworben, XXI. Sz\u00e1zad Media, der Wirtschaftsverlag Nepszava, sagte am Dienstag gegen\u00fcber MTI.<\/strong><\/p>\n<p>Die neuen Eigent\u00fcmer beabsichtigen, das linke Profil der Zeitungen zu bewahren, hie\u00df es in der Ank\u00fcndigung und sagten, dass sich linke Gesch\u00e4ftsleute nach der k\u00fcrzlichen Schlie\u00dfung der oppositionellen Tageszeitung Nepszabadsag zusammengeschlossen h\u00e4tten, um die Transaktion zu finanzieren.<\/p>\n<p>Zum erworbenen Portfolio geh\u00f6ren auch Szabad F\u00f6ld, Marktf\u00fchrer der Wochenzeitungen, und verwandte Publikationen.<\/p>\n<p>Durch die Integration von N\u00e9pszava und Vas\u00e1rnapi H\u00edrek wird weiterhin eine Tageszeitung entstehen, die laut Ank\u00fcndigung auch die Leserschaft von N\u00e9pszabads\u00e1g anziehen w\u00fcrde.<\/p>\n","protected":false},"excerpt":{"rendered":"<p>Budapest, 20. Dezember (MTI) Die Horizont Handels und Industrie AG, im Besitz des ehemaligen sozialistischen Abgeordneten und Parteischatzmeisters L\u00e1szl\u00f3 Puch und von D\u00e9nes Simon, hat die Tageszeitung Nepszava sowie die Wochenzeitung Vas\u00e1rnapi H\u00edrek als Teil des ehemaligen Geomedia-Zeitungsportfolios erworben, XXI. Sz\u00e1zad Media, der Wirtschaftsverlag Nepszava, sagte am Dienstag gegen\u00fcber MTI. Die neuen Eigent\u00fcmer beabsichtigen, das [&hellip;]<\/p>\n","protected":false},"author":2,"featured_media":752503,"comment_status":"open","ping_status":"open","sticky":false,"template":"","format":"standard","meta":{"_acf_changed":false,"_display_image":"","footnotes":""},"categories":[1281],"tags":[1207,4081,1695],"class_list":["post-752502","post","type-post","status-publish","format-standard","has-post-thumbnail","hentry","category-geschaft","tag-medien","tag-nepszabadsag-suspension","tag-sozialisten"],"blocksy_meta":[],"acf":[],"author_username":"alk","telegram_post":"","public_post_metadata":{"breaking_news":"","important":"","csempe":"","center_tile":"","disable_thumbnail":"","target_lang":"","_featured_image_style":"","telegram_post":"","_xlat_group_id":""},"public_rank_math_data":{"title":"%title% %sep% %sitename%","description":"","focus_keyword":"Medien","canonical_url":"","robots":"","primary_category":"1281","breadcrumb_title":"","facebook_title":"","facebook_description":"","facebook_image":"","facebook_image_id":"","twitter_title":"","twitter_description":"","twitter_image":"","twitter_image_id":"","twitter_card_type":"","twitter_use_facebook":"","advanced_robots":"","pillar_content":"","seo_score":"14","contentai_score":"","rich_snippet":""},"_links":{"self":[{"href":"https:\/\/dailynewshungary.com\/de\/wp-json\/wp\/v2\/posts\/752502","targetHints":{"allow":["GET"]}}],"collection":[{"href":"https:\/\/dailynewshungary.com\/de\/wp-json\/wp\/v2\/posts"}],"about":[{"href":"https:\/\/dailynewshungary.com\/de\/wp-json\/wp\/v2\/types\/post"}],"author":[{"embeddable":true,"href":"https:\/\/dailynewshungary.com\/de\/wp-json\/wp\/v2\/users\/2"}],"replies":[{"embeddable":true,"href":"https:\/\/dailynewshungary.com\/de\/wp-json\/wp\/v2\/comments?post=752502"}],"version-history":[{"count":0,"href":"https:\/\/dailynewshungary.com\/de\/wp-json\/wp\/v2\/posts\/752502\/revisions"}],"wp:featuredmedia":[{"embeddable":true,"href":"https:\/\/dailynewshungary.com\/de\/wp-json\/wp\/v2\/media\/752503"}],"wp:attachment":[{"href":"https:\/\/dailynewshungary.com\/de\/wp-json\/wp\/v2\/media?parent=752502"}],"wp:term":[{"taxonomy":"category","embeddable":true,"href":"https:\/\/dailynewshungary.com\/de\/wp-json\/wp\/v2\/categories?post=752502"},{"taxonomy":"post_tag","embeddable":true,"href":"https:\/\/dailynewshungary.com\/de\/wp-json\/wp\/v2\/tags?post=752502"}],"curies":[{"name":"wp","href":"https:\/\/api.w.org\/{rel}","templated":true}]}}