{"id":752525,"date":"2016-12-20T07:30:46","date_gmt":"2016-12-20T06:30:46","guid":{"rendered":"https:\/\/dailynewshungary.com\/de\/die-eu-will-den-von-ungarn-initiierten-titel-der-europaischen-hauptstadt-des-tourismus-genehmigen\/"},"modified":"2016-12-20T07:30:46","modified_gmt":"2016-12-20T06:30:46","slug":"die-eu-will-den-von-ungarn-initiierten-titel-der-europaischen-hauptstadt-des-tourismus-genehmigen","status":"publish","type":"post","link":"https:\/\/dailynewshungary.com\/de\/die-eu-will-den-von-ungarn-initiierten-titel-der-europaischen-hauptstadt-des-tourismus-genehmigen\/","title":{"rendered":"Die EU will den von Ungarn initiierten Titel der Europ\u00e4ischen Hauptstadt des Tourismus genehmigen"},"content":{"rendered":"<p><strong>Budapest (MTI) \u201eDie Europ\u00e4ische Union wird die Schaffung des Titels \u201eEurop\u00e4ische Hauptstadt des Tourismus\u201cbestimmen, ein von Ungarn initiiertes Projekt, sagte der sozialistische Europaabgeordnete Istv\u00e1n Ujhelyi am Montag in Budapest.<\/strong><\/p>\n<p>Eine Vereinbarung, das Projekt zu einem Partnerprogramm der Welttourismusorganisation (UNWTO) der Vereinten Nationen zu machen, soll in zwei Wochen in Madrid unterzeichnet werden, sagte Ujhelyi, stellvertretender Vorsitzender des Verkehrs- und Tourismusausschusses des Europ\u00e4ischen Parlaments, auf einer Pressekonferenz.<\/p>\n<p>Die Europ\u00e4ische Kommission werde das Projekt im ersten Jahr mit 2,5 Millionen Euro unterst\u00fctzen, sagte Ujhelyi und \u00e4u\u00dferte die Hoffnung, dass das Programm in die Fu\u00dfstapfen des Projekts der Kulturhauptstadt Europas treten und zu einer tragenden S\u00e4ule in der EU werden k\u00f6nne.<\/p>\n<p>Es ist geplant, den Titel jedes Jahr in drei Kategorien zu verleihen: die Kategorien Metropole, Gemeindegruppe sowie kleine Gemeinden und Berufsgemeinschaften, sagte Ujhelyi.<\/p>\n","protected":false},"excerpt":{"rendered":"<p>Budapest (MTI) \u201eDie Europ\u00e4ische Union wird die Schaffung des Titels \u201eEurop\u00e4ische Hauptstadt des Tourismus\u201cbestimmen, ein von Ungarn initiiertes Projekt, sagte der sozialistische Europaabgeordnete Istv\u00e1n Ujhelyi am Montag in Budapest. Eine Vereinbarung, das Projekt zu einem Partnerprogramm der Welttourismusorganisation (UNWTO) der Vereinten Nationen zu machen, soll in zwei Wochen in Madrid unterzeichnet werden, sagte Ujhelyi, stellvertretender [&hellip;]<\/p>\n","protected":false},"author":2,"featured_media":752526,"comment_status":"open","ping_status":"open","sticky":false,"template":"","format":"standard","meta":{"_acf_changed":false,"_display_image":"","footnotes":""},"categories":[1151],"tags":[1082,1695,1079],"class_list":["post-752525","post","type-post","status-publish","format-standard","has-post-thumbnail","hentry","category-kulturen","tag-europaische-union","tag-sozialisten","tag-tourismus"],"blocksy_meta":[],"acf":[],"author_username":"alk","telegram_post":"","public_post_metadata":{"breaking_news":"","important":"","csempe":"","center_tile":"","disable_thumbnail":"","target_lang":"","_featured_image_style":"","telegram_post":"","_xlat_group_id":""},"public_rank_math_data":{"title":"%title% %sep% %sitename%","description":"","focus_keyword":"Tourismus","canonical_url":"","robots":"","primary_category":"1151","breadcrumb_title":"","facebook_title":"","facebook_description":"","facebook_image":"","facebook_image_id":"","twitter_title":"","twitter_description":"","twitter_image":"","twitter_image_id":"","twitter_card_type":"","twitter_use_facebook":"","advanced_robots":"","pillar_content":"","seo_score":"57","contentai_score":"","rich_snippet":""},"_links":{"self":[{"href":"https:\/\/dailynewshungary.com\/de\/wp-json\/wp\/v2\/posts\/752525","targetHints":{"allow":["GET"]}}],"collection":[{"href":"https:\/\/dailynewshungary.com\/de\/wp-json\/wp\/v2\/posts"}],"about":[{"href":"https:\/\/dailynewshungary.com\/de\/wp-json\/wp\/v2\/types\/post"}],"author":[{"embeddable":true,"href":"https:\/\/dailynewshungary.com\/de\/wp-json\/wp\/v2\/users\/2"}],"replies":[{"embeddable":true,"href":"https:\/\/dailynewshungary.com\/de\/wp-json\/wp\/v2\/comments?post=752525"}],"version-history":[{"count":0,"href":"https:\/\/dailynewshungary.com\/de\/wp-json\/wp\/v2\/posts\/752525\/revisions"}],"wp:featuredmedia":[{"embeddable":true,"href":"https:\/\/dailynewshungary.com\/de\/wp-json\/wp\/v2\/media\/752526"}],"wp:attachment":[{"href":"https:\/\/dailynewshungary.com\/de\/wp-json\/wp\/v2\/media?parent=752525"}],"wp:term":[{"taxonomy":"category","embeddable":true,"href":"https:\/\/dailynewshungary.com\/de\/wp-json\/wp\/v2\/categories?post=752525"},{"taxonomy":"post_tag","embeddable":true,"href":"https:\/\/dailynewshungary.com\/de\/wp-json\/wp\/v2\/tags?post=752525"}],"curies":[{"name":"wp","href":"https:\/\/api.w.org\/{rel}","templated":true}]}}