{"id":752555,"date":"2016-12-18T23:30:49","date_gmt":"2016-12-18T22:30:49","guid":{"rendered":"https:\/\/dailynewshungary.com\/de\/ungarns-justizminister-eu-sollte-auf-den-erhalt-der-errungenschaften-setzen\/"},"modified":"2016-12-18T23:30:49","modified_gmt":"2016-12-18T22:30:49","slug":"ungarns-justizminister-eu-sollte-auf-den-erhalt-der-errungenschaften-setzen","status":"publish","type":"post","link":"https:\/\/dailynewshungary.com\/de\/ungarns-justizminister-eu-sollte-auf-den-erhalt-der-errungenschaften-setzen\/","title":{"rendered":"Ungarns Justizminister: EU sollte auf den Erhalt der Errungenschaften setzen"},"content":{"rendered":"<p>&nbsp;<\/p>\n<p><strong>Budapest, 18. Dezember (MTI) \u2013 Br\u00fcssel sollte aufh\u00f6ren, die europ\u00e4ische Integration zu vertiefen und zu versuchen, Probleme durch die Einrichtung neuer Institutionen zu l\u00f6sen; Stattdessen sollte es sich auf die Bewahrung seiner Errungenschaften konzentrieren, sagte Justizminister L\u00e1szl\u00f3 Tr\u00f3cs\u00e1nyi am Sonntag.<\/strong><\/p>\n<p>Im Interview mit dem kommerziellen Radio Karc FM bekr\u00e4ftigte der Minister sein Engagement f\u00fcr die europ\u00e4ische Integration, f\u00fcgte jedoch hinzu, dass er zahlreiche Probleme in der Arbeitsweise der Europ\u00e4ischen Union sehe.<\/p>\n<p>Als Beispiel nannte er den Plan, eine Europ\u00e4ische Staatsanwaltschaft (EPPO) einzurichten, der seiner Meinung nach Effizienzprobleme aufwerfen und gleichzeitig \u00dcberschneidungen schaffen w\u00fcrde, da sowohl das Europ\u00e4ische Amt f\u00fcr Betrugsbek\u00e4mpfung (OLAF) als auch Eurojust neben ihm \u00fcberleben w\u00fcrden, sagte der Minister.<\/p>\n<p>Anstatt neue Institutionen zu gr\u00fcnden, sollten bestehende und gut funktionierende gest\u00e4rkt werden, sagte er.<\/p>\n<p>Trocsanyi stellte fest, dass ein Viertel der Europ\u00e4er euroskeptisch sei, zehn Prozent bef\u00fcrworteten die Schaffung der Vereinigten Staaten von Europa, w\u00e4hrend die Mehrheit in dieser Frage keine Partei ergreife.<\/p>\n<blockquote>\n<p>\u201cDie europ\u00e4ischen Entscheidungstr\u00e4ger sollten daher eine realistische Politik verfolgen, die sich nicht in eine der beiden Richtungen verpflichtet\u201d, sagte er.<\/p>\n<\/blockquote>\n","protected":false},"excerpt":{"rendered":"<p>&nbsp; Budapest, 18. Dezember (MTI) \u2013 Br\u00fcssel sollte aufh\u00f6ren, die europ\u00e4ische Integration zu vertiefen und zu versuchen, Probleme durch die Einrichtung neuer Institutionen zu l\u00f6sen; Stattdessen sollte es sich auf die Bewahrung seiner Errungenschaften konzentrieren, sagte Justizminister L\u00e1szl\u00f3 Tr\u00f3cs\u00e1nyi am Sonntag. Im Interview mit dem kommerziellen Radio Karc FM bekr\u00e4ftigte der Minister sein Engagement f\u00fcr [&hellip;]<\/p>\n","protected":false},"author":2,"featured_media":752556,"comment_status":"open","ping_status":"open","sticky":false,"template":"","format":"standard","meta":{"_acf_changed":false,"_display_image":"","footnotes":""},"categories":[1081],"tags":[1082],"class_list":["post-752555","post","type-post","status-publish","format-standard","has-post-thumbnail","hentry","category-politik","tag-europaische-union"],"blocksy_meta":[],"acf":[],"author_username":"alk","telegram_post":"","public_post_metadata":{"breaking_news":"","important":"","csempe":"","center_tile":"","disable_thumbnail":"","target_lang":"","_featured_image_style":"","telegram_post":"","_xlat_group_id":""},"public_rank_math_data":{"title":"%title% %sep% %sitename%","description":"","focus_keyword":"EU","canonical_url":"","robots":"","primary_category":"1081","breadcrumb_title":"","facebook_title":"","facebook_description":"","facebook_image":"","facebook_image_id":"","twitter_title":"","twitter_description":"","twitter_image":"","twitter_image_id":"","twitter_card_type":"","twitter_use_facebook":"","advanced_robots":"","pillar_content":"","seo_score":"54","contentai_score":"","rich_snippet":""},"_links":{"self":[{"href":"https:\/\/dailynewshungary.com\/de\/wp-json\/wp\/v2\/posts\/752555","targetHints":{"allow":["GET"]}}],"collection":[{"href":"https:\/\/dailynewshungary.com\/de\/wp-json\/wp\/v2\/posts"}],"about":[{"href":"https:\/\/dailynewshungary.com\/de\/wp-json\/wp\/v2\/types\/post"}],"author":[{"embeddable":true,"href":"https:\/\/dailynewshungary.com\/de\/wp-json\/wp\/v2\/users\/2"}],"replies":[{"embeddable":true,"href":"https:\/\/dailynewshungary.com\/de\/wp-json\/wp\/v2\/comments?post=752555"}],"version-history":[{"count":0,"href":"https:\/\/dailynewshungary.com\/de\/wp-json\/wp\/v2\/posts\/752555\/revisions"}],"wp:featuredmedia":[{"embeddable":true,"href":"https:\/\/dailynewshungary.com\/de\/wp-json\/wp\/v2\/media\/752556"}],"wp:attachment":[{"href":"https:\/\/dailynewshungary.com\/de\/wp-json\/wp\/v2\/media?parent=752555"}],"wp:term":[{"taxonomy":"category","embeddable":true,"href":"https:\/\/dailynewshungary.com\/de\/wp-json\/wp\/v2\/categories?post=752555"},{"taxonomy":"post_tag","embeddable":true,"href":"https:\/\/dailynewshungary.com\/de\/wp-json\/wp\/v2\/tags?post=752555"}],"curies":[{"name":"wp","href":"https:\/\/api.w.org\/{rel}","templated":true}]}}