{"id":752557,"date":"2016-12-18T21:30:18","date_gmt":"2016-12-18T20:30:18","guid":{"rendered":"https:\/\/dailynewshungary.com\/de\/vona-jobbik-fordert-europaische-lohnunion\/"},"modified":"2016-12-18T21:30:18","modified_gmt":"2016-12-18T20:30:18","slug":"vona-jobbik-fordert-europaische-lohnunion","status":"publish","type":"post","link":"https:\/\/dailynewshungary.com\/de\/vona-jobbik-fordert-europaische-lohnunion\/","title":{"rendered":"Vona: Jobbik fordert \u2018Europ\u00e4ische Lohnunion\u2019"},"content":{"rendered":"<p><strong>Budapest, 18. Dezember (MTI) \u201eUngarns Oppositionspartei Jobbik startet eine Europ\u00e4ische B\u00fcrgerinitiative mit dem Ziel, gleiche Wettbewerbsbedingungen f\u00fcr L\u00f6hne als Grundprinzip der Europ\u00e4ischen Union zu schaffen, sagte G\u00e1bor Vona, Jobbiks Vorsitzender, auf einer Pressekonferenz am Sonntag.<\/strong><\/p>\n<p>Vona bestand darauf, dass eine \u201ceurop\u00e4ische Lohnunion\u201d moralisch gerecht und rechtlich m\u00f6glich sei und gleichzeitig wirtschaftlich sinnvoll sei.<\/p>\n<p>Um einen EU-B\u00fcrgerinitiativeprozess zu starten, m\u00fcssen \u00fcber einen Zeitraum von einem Jahr die Unterschriften von einer Million Menschen in mindestens sieben Mitgliedstaaten gesammelt werden. Vona sagte, Jobbik werde sich auf die Bildung von Allianzen zur Unterst\u00fctzung der Initiative in Mittel- und Osteuropa konzentrieren.<\/p>\n<p>Er argumentierte, dass die Ungarn bei ihrem Beitritt zum Block auf Lohnerh\u00f6hungen gehofft h\u00e4tten. Die Westeurop\u00e4er ihrerseits h\u00e4tten ein wirtschaftliches Interesse daran gehabt, die EU nach Osten zu erweitern, sagte er und f\u00fcgte hinzu, dass zw\u00f6lf Jahre vergangen seien und diese Ziele weiterhin bestehen, sich die Preisunterschiede jedoch ausgeglichen h\u00e4tten.<\/p>\n<p>Weder Ferenc Gyurcs\u00e1ny noch Viktor Orb\u00e1n als Premierminister h\u00e4tten etwas getan, um diese Sache in Br\u00fcssel voranzutreiben, sagte Vona.<\/p>\n<p>Er sagte, es sei eine Frage des Willens, ob es zu einer Gesetzes\u00e4nderung kommen werde.<\/p>\n<p>Im heutigen Europa gebe es Versuche, eine politische Union auf der Grundlage \u201cunglaublicher wirtschaftlich-sozialer Unterschiede\u201d aufzubauen, stattdessen solle eine wirtschaftlich-soziale Union unter Achtung der politischen Souver\u00e4nit\u00e4t aufgebaut werden, sagte er.<\/p>\n<p>Vona sagte, es sei nicht m\u00f6glich, die Lohnl\u00fccke von einem Tag auf den anderen zu schlie\u00dfen, aber es sei nicht f\u00fcr immer ausgeschlossen. Das Thema m\u00fcsse vor dem n\u00e4chsten Finanzzyklus ab 2020 aufgegriffen werden, sagte er.<\/p>\n<p>Der Jobbik-Chef sagte, eine Anhebung der L\u00f6hne auf europ\u00e4isches Niveau w\u00fcrde dazu beitragen, schwerwiegende Probleme im Inland zu l\u00f6sen. H\u00f6here L\u00f6hne entsprechen h\u00f6heren Steuereinnahmen und dies w\u00fcrde in die Aufrechterhaltung gro\u00dfer staatlicher Subsysteme einflie\u00dfen und gleichzeitig dazu beitragen, die Renten auf das gleiche Niveau wie in Westeuropa zu bringen.<\/p>\n<p>Als Reaktion auf die Pressekonferenz von Vona gab die regierende Fidesz-Partei eine Erkl\u00e4rung ab, Jobbik habe \u201centweder mit Interpretationsschwierigkeiten zu k\u00e4mpfen oder das ungarische Volk vors\u00e4tzlich in die Irre gef\u00fchrt\u201d Im Gegensatz dazu stehe die Regierung direkt zum Volk und sch\u00e4tze dessen Arbeit, hie\u00df es in der Erkl\u00e4rung und f\u00fcgte hinzu, Jobbik habe erst mit den heutigen Kommentaren bewiesen, dass sie \u201cjedes Versprechen abgeben werde, um an die Macht zu kommen\u201d.<\/p>\n<p>Fidesz sagte, die Reall\u00f6hne seien seit 2010 kontinuierlich gestiegen und die Kaufkraft der Renten sei erhalten geblieben. Im n\u00e4chsten Jahr werde der Mindestlohn um 15 Prozent angehoben, w\u00e4hrend der Grundlohn der Fachkr\u00e4fte um 25 Prozent steigen werde. Diese Erh\u00f6hungen w\u00fcrden 2018 weiter erh\u00f6ht, f\u00fcgte es hinzu.<\/p>\n<p><em>Foto:&nbsp;<a href=\"https:\/\/www.facebook.com\/vonagabor\/\" target=\"_blank\" rel=\"noopener\">facebook.com\/vonagabor\/<\/a><\/em><\/p>\n","protected":false},"excerpt":{"rendered":"<p>Budapest, 18. Dezember (MTI) \u201eUngarns Oppositionspartei Jobbik startet eine Europ\u00e4ische B\u00fcrgerinitiative mit dem Ziel, gleiche Wettbewerbsbedingungen f\u00fcr L\u00f6hne als Grundprinzip der Europ\u00e4ischen Union zu schaffen, sagte G\u00e1bor Vona, Jobbiks Vorsitzender, auf einer Pressekonferenz am Sonntag. Vona bestand darauf, dass eine \u201ceurop\u00e4ische Lohnunion\u201d moralisch gerecht und rechtlich m\u00f6glich sei und gleichzeitig wirtschaftlich sinnvoll sei. Um einen [&hellip;]<\/p>\n","protected":false},"author":2,"featured_media":752558,"comment_status":"open","ping_status":"open","sticky":false,"template":"","format":"standard","meta":{"_acf_changed":false,"_display_image":"","footnotes":""},"categories":[1281],"tags":[1096,1082,1632,1104],"class_list":["post-752557","post","type-post","status-publish","format-standard","has-post-thumbnail","hentry","category-geschaft","tag-arbeitsmarkt","tag-europaische-union","tag-jobbik","tag-wirtschaft"],"blocksy_meta":[],"acf":[],"author_username":"alk","telegram_post":"","public_post_metadata":{"breaking_news":"","important":"","csempe":"","center_tile":"","disable_thumbnail":"","target_lang":"","_featured_image_style":"","telegram_post":"","_xlat_group_id":""},"public_rank_math_data":{"title":"%title% %sep% %sitename%","description":"","focus_keyword":"Jobbik","canonical_url":"","robots":"","primary_category":"1281","breadcrumb_title":"","facebook_title":"","facebook_description":"","facebook_image":"","facebook_image_id":"","twitter_title":"","twitter_description":"","twitter_image":"","twitter_image_id":"","twitter_card_type":"","twitter_use_facebook":"","advanced_robots":"","pillar_content":"","seo_score":"67","contentai_score":"","rich_snippet":""},"_links":{"self":[{"href":"https:\/\/dailynewshungary.com\/de\/wp-json\/wp\/v2\/posts\/752557","targetHints":{"allow":["GET"]}}],"collection":[{"href":"https:\/\/dailynewshungary.com\/de\/wp-json\/wp\/v2\/posts"}],"about":[{"href":"https:\/\/dailynewshungary.com\/de\/wp-json\/wp\/v2\/types\/post"}],"author":[{"embeddable":true,"href":"https:\/\/dailynewshungary.com\/de\/wp-json\/wp\/v2\/users\/2"}],"replies":[{"embeddable":true,"href":"https:\/\/dailynewshungary.com\/de\/wp-json\/wp\/v2\/comments?post=752557"}],"version-history":[{"count":0,"href":"https:\/\/dailynewshungary.com\/de\/wp-json\/wp\/v2\/posts\/752557\/revisions"}],"wp:featuredmedia":[{"embeddable":true,"href":"https:\/\/dailynewshungary.com\/de\/wp-json\/wp\/v2\/media\/752558"}],"wp:attachment":[{"href":"https:\/\/dailynewshungary.com\/de\/wp-json\/wp\/v2\/media?parent=752557"}],"wp:term":[{"taxonomy":"category","embeddable":true,"href":"https:\/\/dailynewshungary.com\/de\/wp-json\/wp\/v2\/categories?post=752557"},{"taxonomy":"post_tag","embeddable":true,"href":"https:\/\/dailynewshungary.com\/de\/wp-json\/wp\/v2\/tags?post=752557"}],"curies":[{"name":"wp","href":"https:\/\/api.w.org\/{rel}","templated":true}]}}