{"id":752595,"date":"2016-12-16T21:20:14","date_gmt":"2016-12-16T20:20:14","guid":{"rendered":"https:\/\/dailynewshungary.com\/de\/ungarischer-premierminister-die-ukraine-sollte-sofort-eine-befreiung-von-der-eu-visumgenehmigung-erhalten\/"},"modified":"2016-12-16T21:20:14","modified_gmt":"2016-12-16T20:20:14","slug":"ungarischer-premierminister-die-ukraine-sollte-sofort-eine-befreiung-von-der-eu-visumgenehmigung-erhalten","status":"publish","type":"post","link":"https:\/\/dailynewshungary.com\/de\/ungarischer-premierminister-die-ukraine-sollte-sofort-eine-befreiung-von-der-eu-visumgenehmigung-erhalten\/","title":{"rendered":"Ungarischer Premierminister: Die Ukraine sollte sofort eine Befreiung von der EU-Visumgenehmigung erhalten"},"content":{"rendered":"<p><strong>Br\u00fcssel, 16. Dezember (MTI) \u201eDie Ukraine sollte sofort den visumfreien Status in der Europ\u00e4ischen Union erhalten, sagte Premierminister Viktor Orb\u00e1n am Freitag.<\/strong><\/p>\n<p>\u201cWas tut die Europ\u00e4ische Union wirklich f\u00fcr die Ukraine, wenn sie ihr nicht sofort eine Befreiung von der Visumpflicht gew\u00e4hrt?\u201d, fragte er auf einer Pressekonferenz, die nach einem Treffen der Staats &#8211; und Regierungschefs der EU in Br\u00fcssel stattfand.<\/p>\n<p>Der Premierminister sagte, es sei schwer vorstellbar, wie die EU ohne eine gemeinsame Armee milit\u00e4rische Gewalt au\u00dferhalb Europas einsetzen wolle und wann sie nicht einmal Einfluss auf die milit\u00e4rische Entwicklung in der Ukraine nehmen k\u00f6nne.<\/p>\n<p>\u201cWeiteres ist, es ist unf\u00e4hig, der Ukraine jetzt auch nur eine Befreiung von der Visumpflicht zu gew\u00e4hren, obwohl dies nicht einmal eine milit\u00e4rische Angelegenheit ist, es keine rechtlichen Hindernisse hat, und niemand wagt es, offen dagegen zu argumentieren\u201d, sagte er.<\/p>\n<p>Orb\u00e1n sagte, die Visegrad-Staaten h\u00e4tten die Ukraine in der Visafrage \u201cstark\u201d unterst\u00fctzt, \u201cunabh\u00e4ngig von ihren m\u00f6glicherweise unterschiedlichen Positionen zur (EU) Russlandpolitik\u201d.<\/p>\n<p>Das Beispiel Syrien zeige, dass es im Bereich der europ\u00e4ischen Sicherheit noch viel zu tun gebe, sagte Orb\u00e1nWenn Europa nicht \u00fcber ausreichende milit\u00e4rische Macht verf\u00fcge, werde es nicht in der Lage sein, milit\u00e4risch zu gewinnen, und anstatt \u201cProbleme zu l\u00f6sen\u201d in Syrien und den dort lebenden Menschen echte Hilfe anzubieten, sei nur gut gemeintes Gerede Das l\u00f6st aber nicht die Situation, um die sich bereits andere k\u00fcmmern, die in Syrien bereits milit\u00e4rische Gewalt anwenden, sagte er.<\/p>\n<p style=\"text-align: center;\">[button link=\u201dhttps:\/\/dailynewshungary.com\/weiter-50-millionen-menschen-k\u00f6nnen-reisen-in-die-eu-mit-kein-visum\/\u201d newwindow=\u201dja\u201d] Verwandter Artikel: WEITERE 50 MILLIONEN MENSCHEN K\u00d6NNEN OHNE VISUM IN DIE EU REISEN [\/button]<\/p>\n<p>Zum Thema der ungarischen Pr\u00e4sidentschaftswahl im n\u00e4chsten Jahr sagte Orb\u00e1n, er sch\u00e4tze die Bem\u00fchungen von Pr\u00e4sident Janos Ader sehr und sein Fortbestehen im Amt geh\u00f6re \u201ezu den wichtigen M\u00f6glichkeiten, wenn er selbst dies w\u00fcnscht\u201c\u201d.<\/p>\n<p>Zu einem anderen Thema sagte Orb\u00e1n, dass die Energieunion der EU ein \u201cPseudonym\u201d sei, um die Bem\u00fchungen Br\u00fcssels zu decken, Ungarns Energiepreissenkungen zu verbieten. Er sagte, Ungarn sei bereit, zur Entwicklung einer solchen Union beizutragen, bestand jedoch darauf, dass Einzelheiten der Preisregulierung festgelegt werden m\u00fcssten \u201cNeben Ungarn gibt es andere L\u00e4nder, die es f\u00fcr unvorstellbar halten, dass Br\u00fcssel Strompreissenkungen oder die M\u00f6glichkeit einer zentralen Regulierung der Energiepreise, die Hunderttausende ungarische Familien betreffen, verbieten sollte\u201d, sagte Orb\u00e1n.<\/p>\n","protected":false},"excerpt":{"rendered":"<p>Br\u00fcssel, 16. Dezember (MTI) \u201eDie Ukraine sollte sofort den visumfreien Status in der Europ\u00e4ischen Union erhalten, sagte Premierminister Viktor Orb\u00e1n am Freitag. \u201cWas tut die Europ\u00e4ische Union wirklich f\u00fcr die Ukraine, wenn sie ihr nicht sofort eine Befreiung von der Visumpflicht gew\u00e4hrt?\u201d, fragte er auf einer Pressekonferenz, die nach einem Treffen der Staats &#8211; und [&hellip;]<\/p>\n","protected":false},"author":2,"featured_media":752596,"comment_status":"open","ping_status":"open","sticky":false,"template":"","format":"standard","meta":{"_acf_changed":false,"_display_image":"","footnotes":""},"categories":[1081],"tags":[1082,1209,1299,1092],"class_list":["post-752595","post","type-post","status-publish","format-standard","has-post-thumbnail","hentry","category-politik","tag-europaische-union","tag-russland","tag-schengen","tag-ukraine"],"blocksy_meta":[],"acf":[],"author_username":"alk","telegram_post":"","public_post_metadata":{"breaking_news":"","important":"","csempe":"","center_tile":"","disable_thumbnail":"","target_lang":"","_featured_image_style":"","telegram_post":"","_xlat_group_id":""},"public_rank_math_data":{"title":"%title% %sep% %sitename%","description":"","focus_keyword":"Ukraine","canonical_url":"","robots":"","primary_category":"1081","breadcrumb_title":"","facebook_title":"","facebook_description":"","facebook_image":"","facebook_image_id":"","twitter_title":"","twitter_description":"","twitter_image":"","twitter_image_id":"","twitter_card_type":"","twitter_use_facebook":"","advanced_robots":"","pillar_content":"","seo_score":"59","contentai_score":"","rich_snippet":""},"_links":{"self":[{"href":"https:\/\/dailynewshungary.com\/de\/wp-json\/wp\/v2\/posts\/752595","targetHints":{"allow":["GET"]}}],"collection":[{"href":"https:\/\/dailynewshungary.com\/de\/wp-json\/wp\/v2\/posts"}],"about":[{"href":"https:\/\/dailynewshungary.com\/de\/wp-json\/wp\/v2\/types\/post"}],"author":[{"embeddable":true,"href":"https:\/\/dailynewshungary.com\/de\/wp-json\/wp\/v2\/users\/2"}],"replies":[{"embeddable":true,"href":"https:\/\/dailynewshungary.com\/de\/wp-json\/wp\/v2\/comments?post=752595"}],"version-history":[{"count":0,"href":"https:\/\/dailynewshungary.com\/de\/wp-json\/wp\/v2\/posts\/752595\/revisions"}],"wp:featuredmedia":[{"embeddable":true,"href":"https:\/\/dailynewshungary.com\/de\/wp-json\/wp\/v2\/media\/752596"}],"wp:attachment":[{"href":"https:\/\/dailynewshungary.com\/de\/wp-json\/wp\/v2\/media?parent=752595"}],"wp:term":[{"taxonomy":"category","embeddable":true,"href":"https:\/\/dailynewshungary.com\/de\/wp-json\/wp\/v2\/categories?post=752595"},{"taxonomy":"post_tag","embeddable":true,"href":"https:\/\/dailynewshungary.com\/de\/wp-json\/wp\/v2\/tags?post=752595"}],"curies":[{"name":"wp","href":"https:\/\/api.w.org\/{rel}","templated":true}]}}