{"id":752607,"date":"2016-12-16T15:11:58","date_gmt":"2016-12-16T14:11:58","guid":{"rendered":"https:\/\/dailynewshungary.com\/de\/gipfeltreffen-der-eu-staats-und-regierungschefs-orban-alles-hangt-von-der-schliesung-der-grenzen-ab\/"},"modified":"2016-12-16T15:11:58","modified_gmt":"2016-12-16T14:11:58","slug":"gipfeltreffen-der-eu-staats-und-regierungschefs-orban-alles-hangt-von-der-schliesung-der-grenzen-ab","status":"publish","type":"post","link":"https:\/\/dailynewshungary.com\/de\/gipfeltreffen-der-eu-staats-und-regierungschefs-orban-alles-hangt-von-der-schliesung-der-grenzen-ab\/","title":{"rendered":"Gipfeltreffen der EU-Staats- und Regierungschefs \u2013 Orb\u00e1n: Alles h\u00e4ngt von der Schlie\u00dfung der Grenzen ab"},"content":{"rendered":"<p><strong>Br\u00fcssel, den 16. Dezember (MTI) \u2013 Alles in Bezug auf die Migrationskrise h\u00e4ngt davon ab, ob die Grenzen geschlossen sind oder nicht, sagte Ministerpr\u00e4sident Viktor Orb\u00e1n am Freitag nach einem Treffen der EU-Staats &#8211; und Regierungschefs in Br\u00fcssel.<\/strong><\/p>\n<p>Vor dem Gipfel trafen sich die Staats- und Regierungschefs der Visegrad-Gruppierung aus der Tschechischen Republik, Ungarn, Polen und der Slowakei und verabschiedeten einen gemeinsamen Standpunkt zu den drei Schl\u00fcsselthemen. Er sagte, n\u00e4mlich dass die Grenzen gesch\u00fctzt werden m\u00fcssen, dass \u201ealle reingekommen sind.\u201cm\u00fcssen zur\u00fcckgeschickt werden\u201d und dass alle, die kommen wollen, au\u00dferhalb der EU festgehalten und in verschiedene Gruppen aufgeteilt werden m\u00fcssen.<\/p>\n<p>Orb\u00e1n sagte, Ungarn habe seine Grenzen geschlossen, Griechenland sei dazu aber nicht in der Lage und Italien \u201ckann oder w\u00fcrde nicht\u201d folgen \u201cDie Situation in Italien ist dramatisch\u201d, sagte er Bez\u00fcglich der T\u00fcrkei sagte er, die Situation sei \u201cfragil\u201d und die Unsicherheit warf die Frage auf, ob mit einem weiteren Zustrom von Einwanderern \u00fcber den Westbalkan zu rechnen seiUngarn k\u00f6nne eine neue Fl\u00fcchtlingskrise stoppen, wenn es eine g\u00e4be, beharrte er.<\/p>\n<p>Orb\u00e1n sagte, die Verantwortung liege bei Br\u00fcssel, abgelehnten Asylbewerbern die freie Ausreise aus Ungarn nach Westeuropa zu erm\u00f6glichen. Br\u00fcssel k\u00f6nnte helfen, indem es die \u201eunrealistische\u201cRegel \u00e4ndert, nach der abgelehnte Asylbewerber, die einen Rechtsbehelf beantragen, nicht in Gewahrsam gehalten werden k\u00f6nnen. Das Treffen der Premierminister hat einen Vorschlag zur \u00c4nderung dieser Regel abgelehnt, sagte Orb\u00e1n.<\/p>\n<p style=\"text-align: center;\">&nbsp;<iframe loading=\"lazy\" style=\"border: none; overflow: hidden;\" src=\"https:\/\/www.facebook.com\/plugins\/post.php?href=https%3A%2F%2Fwww.facebook.com%2Fdailynewshungary%2Fposts%2F1182328231802746&amp;width=500\" width=\"500\" height=\"482\" frameborder=\"0\" scrolling=\"no\"><\/iframe><\/p>\n<p>Der Premierminister nannte es eine wichtige Errungenschaft, dass die Teilnehmer des Gipfels sich darauf einigten, dass die EU \u00e4hnliche Abkommen mit afrikanischen L\u00e4ndern aushandeln sollte wie das, das sie mit der T\u00fcrkei unterzeichnet hat Er argumentierte, dass solche Abkommen entscheidend dazu beigetragen h\u00e4tten, die Zahl der Migranten aus diesen L\u00e4ndern zu verringern Er sagte, es sei wichtig, dass die EU ein solches Migrationsabkommen mit \u00c4gypten unterzeichnen sollte.<\/p>\n<p>Orb\u00e1n bestand darauf, dass der ungarische Vorschlag, Fl\u00fcchtlingslager au\u00dferhalb der EU einzurichten, von dem er sagte, er sei \u201cfr\u00fcher als unmenschlich, unm\u00f6glich oder verr\u00fcckt bezeichnet worden\u201d, inzwischen \u201can Legitimit\u00e4t gewonnen\u201d habe \u201cWovon wir sprechen, ist, wie wir das tun k\u00f6nnten, mit welchen Partnern wir verhandeln k\u00f6nnten oder wo wir solche Einrichtungen einrichten k\u00f6nnten\u201d, sagte er.<\/p>\n<p><em>Foto: MTI\/Premierminister-Pressestelle<\/em><\/p>\n","protected":false},"excerpt":{"rendered":"<p>Br\u00fcssel, den 16. Dezember (MTI) \u2013 Alles in Bezug auf die Migrationskrise h\u00e4ngt davon ab, ob die Grenzen geschlossen sind oder nicht, sagte Ministerpr\u00e4sident Viktor Orb\u00e1n am Freitag nach einem Treffen der EU-Staats &#8211; und Regierungschefs in Br\u00fcssel. Vor dem Gipfel trafen sich die Staats- und Regierungschefs der Visegrad-Gruppierung aus der Tschechischen Republik, Ungarn, Polen [&hellip;]<\/p>\n","protected":false},"author":2,"featured_media":752608,"comment_status":"open","ping_status":"open","sticky":false,"template":"","format":"standard","meta":{"_acf_changed":false,"_display_image":"","footnotes":""},"categories":[1081],"tags":[1082,1445,1299,1128,1923],"class_list":["post-752607","post","type-post","status-publish","format-standard","has-post-thumbnail","hentry","category-politik","tag-europaische-union","tag-migration","tag-schengen","tag-viktor-orban","tag-visegrad-vier"],"blocksy_meta":[],"acf":[],"author_username":"alk","telegram_post":"","public_post_metadata":{"breaking_news":"","important":"","csempe":"","center_tile":"","disable_thumbnail":"","target_lang":"","_featured_image_style":"","telegram_post":"","_xlat_group_id":""},"public_rank_math_data":{"title":"%title% %sep% %sitename%","description":"","focus_keyword":"eu","canonical_url":"","robots":"","primary_category":"1081","breadcrumb_title":"","facebook_title":"","facebook_description":"","facebook_image":"","facebook_image_id":"","twitter_title":"","twitter_description":"","twitter_image":"","twitter_image_id":"","twitter_card_type":"","twitter_use_facebook":"","advanced_robots":"","pillar_content":"","seo_score":"57","contentai_score":"","rich_snippet":""},"_links":{"self":[{"href":"https:\/\/dailynewshungary.com\/de\/wp-json\/wp\/v2\/posts\/752607","targetHints":{"allow":["GET"]}}],"collection":[{"href":"https:\/\/dailynewshungary.com\/de\/wp-json\/wp\/v2\/posts"}],"about":[{"href":"https:\/\/dailynewshungary.com\/de\/wp-json\/wp\/v2\/types\/post"}],"author":[{"embeddable":true,"href":"https:\/\/dailynewshungary.com\/de\/wp-json\/wp\/v2\/users\/2"}],"replies":[{"embeddable":true,"href":"https:\/\/dailynewshungary.com\/de\/wp-json\/wp\/v2\/comments?post=752607"}],"version-history":[{"count":0,"href":"https:\/\/dailynewshungary.com\/de\/wp-json\/wp\/v2\/posts\/752607\/revisions"}],"wp:featuredmedia":[{"embeddable":true,"href":"https:\/\/dailynewshungary.com\/de\/wp-json\/wp\/v2\/media\/752608"}],"wp:attachment":[{"href":"https:\/\/dailynewshungary.com\/de\/wp-json\/wp\/v2\/media?parent=752607"}],"wp:term":[{"taxonomy":"category","embeddable":true,"href":"https:\/\/dailynewshungary.com\/de\/wp-json\/wp\/v2\/categories?post=752607"},{"taxonomy":"post_tag","embeddable":true,"href":"https:\/\/dailynewshungary.com\/de\/wp-json\/wp\/v2\/tags?post=752607"}],"curies":[{"name":"wp","href":"https:\/\/api.w.org\/{rel}","templated":true}]}}