{"id":752621,"date":"2016-12-16T07:30:59","date_gmt":"2016-12-16T06:30:59","guid":{"rendered":"https:\/\/dailynewshungary.com\/de\/interview-orban-erwartet-dass-2017-jahr-der-revolte-wird\/"},"modified":"2016-12-16T07:30:59","modified_gmt":"2016-12-16T06:30:59","slug":"interview-orban-erwartet-dass-2017-jahr-der-revolte-wird","status":"publish","type":"post","link":"https:\/\/dailynewshungary.com\/de\/interview-orban-erwartet-dass-2017-jahr-der-revolte-wird\/","title":{"rendered":"Interview \u2013 Orb\u00e1n erwartet, dass 2017 \u201cJahr der Revolte\u201d wird"},"content":{"rendered":"<p><strong>Budapest (MTI) \u201eHin\u201d Das Jahr 2017 werde von einem \u201eAufstand\u201d der Mittelschicht und der \u201evon politischer Korrektheit gebundenen Nationen gepr\u00e4gt sein, sagte Premierminister Viktor Orb\u00e1n in einem Interview mit dem Nachrichtenportal 888.hu, das am Donnerstag ver\u00f6ffentlicht wurde.<\/strong><\/p>\n<p>Orb\u00e1n sagte, er erwarte eine \u201cintellektuelle Revolte gegen Isolation und Stigmatisierung\u201d, mit bevorstehenden Wahlen in Deutschland, den Niederlanden und Frankreich. Er sagte, es sei wegen einer \u201cRevolte der Mittelschicht\u201d, dass in den USA der \u201cClinton-Clan\u201d die Pr\u00e4sidentschaftswahl verloren habe, und bestand darauf, dass \u00e4hnliche Gr\u00fcnde hinter dem Brexit st\u00fcndenIn Frankreich, sagte er, \u201csuchen die Vernachl\u00e4ssigten und Verletzlichen einen Ausweg und ihre Hilflosigkeit wird sich in politischen Abstimmungen niederschlagen\u201d.<\/p>\n<p>Bez\u00fcglich der Europ\u00e4ischen Union sagte Orb\u00e1n, dass leitende Positionen von \u201cglobalistisch-liberalen Kr\u00e4ften besetzt seien, die einen Status quo repr\u00e4sentieren\u201d, die einen europ\u00e4ischen Vereinigten Staaten aufbauen wollten \u201cChristliche, nationalistische Europ\u00e4er werden kein Mitspracherecht haben\u201d, sagte Orb\u00e1n, f\u00fcgte jedoch hinzu, dass globale Tendenzen nicht g\u00fcnstig f\u00fcr \u201cBr\u00fcssel diktiert Nationalstaaten\u201d seien. Er versprach, nicht zuzulassen, dass \u201cBr\u00fcssel die Energiepreise diktiert oder (Ungarns) K\u00fcrzungen der \u00f6ffentlichen Versorgungsleistungen verbietet\u201d Die europ\u00e4ischen Staats- und Regierungschefs w\u00fcrden nicht erkennen, dass Regierungen \u201cnacheinander gedr\u00e4ngt werden\u201d. \u201cEs ist nicht die ungarische Regierung, die rebelliert; es ist das Volk, und die Regierung ist das Volk\u201d.<\/p>\n<p>Ab dieser Zeit wird sich eine \u201cdeutlichere, coolere\u201d Politik durchsetzen, mit \u201cselbstgemachten Charakteren\u201d als Politiker seiner Regierungspartei Fidesz oder des neuen US-Pr\u00e4sidenten Donald Trump.<\/p>\n<p>Mit Bezug auf die USA sagte Orb\u00e1n, die Beziehungen und die Zusammenarbeit mit dem amerikanischen Volk und US-Unternehmen seien gut gewesen, aber \u201ceinige US-Politiker\u201d seien \u201ckompromisslos kriegerisch\u201d gegen\u00fcber Ungarn und der mitteleurop\u00e4ischen Region gewesen, weil sie dachten, lokale F\u00fchrer w\u00fcrden \u201cals Ja-M\u00e4nner agieren und alle ihre Bedingungen akzeptieren\u201d \u201cDiese Amerikaner\u201d versuchten, ihren \u201cklugen Aktionsplan\u201d durch von George Soros finanzierte zivile Gruppen, Stiftungen und Medien umzusetzen, bestand Orb\u00e1n darauf.<\/p>\n<p>Auf eine Frage zur Korruption antwortete der Ministerpr\u00e4sident, dass der Kampf gegen die Bestechung \u201cnie von der Tagesordnung\u201d sein werde, warnte aber, dass es Verleumdung sei, jemanden ohne Beweise anzuklagen, was \u201cein ebenso schweres Verbrechen wie Korruption\u201d sei \u201cSuche nach Schlupfl\u00f6chern, der R\u00fcckgriff auf Tricks und Neid\u201d oder die Haltung, dass \u201cjemand, der erfolgreich ist, nur misstrauisch sein kann\u201d, seien \u00dcberreste der kommunistischen Vergangenheit Ungarns \u201cWir m\u00fcssen froh sein, den Erfolg des anderen zu sehen, denn das wird zur Entwicklung des Landes beitragen\u201d, sagte er \u201cDieses Land wird sich entwickeln, wenn wir mit gutem Beispiel vorangehen und ihnen beibringen, dass es einfacher aussieht, als dieses Land noch schwieriger zu sein k\u00f6nnte\u201d.<\/p>\n<p><em>Foto: MTI\/EPA\/Julien Warnand<\/em><\/p>\n","protected":false},"excerpt":{"rendered":"<p>Budapest (MTI) \u201eHin\u201d Das Jahr 2017 werde von einem \u201eAufstand\u201d der Mittelschicht und der \u201evon politischer Korrektheit gebundenen Nationen gepr\u00e4gt sein, sagte Premierminister Viktor Orb\u00e1n in einem Interview mit dem Nachrichtenportal 888.hu, das am Donnerstag ver\u00f6ffentlicht wurde. Orb\u00e1n sagte, er erwarte eine \u201cintellektuelle Revolte gegen Isolation und Stigmatisierung\u201d, mit bevorstehenden Wahlen in Deutschland, den Niederlanden [&hellip;]<\/p>\n","protected":false},"author":2,"featured_media":752622,"comment_status":"open","ping_status":"open","sticky":false,"template":"","format":"standard","meta":{"_acf_changed":false,"_display_image":"","footnotes":""},"categories":[1081],"tags":[1082,1485,1279,1157,1128],"class_list":["post-752621","post","type-post","status-publish","format-standard","has-post-thumbnail","hentry","category-politik","tag-europaische-union","tag-interview","tag-korruption","tag-vereinigte-staaten","tag-viktor-orban"],"blocksy_meta":[],"acf":[],"author_username":"alk","telegram_post":"","public_post_metadata":{"breaking_news":"","important":"","csempe":"","center_tile":"","disable_thumbnail":"","target_lang":"","_featured_image_style":"","telegram_post":"","_xlat_group_id":""},"public_rank_math_data":{"title":"%title% %sep% %sitename%","description":"","focus_keyword":"Orb\u00e1n Viktor","canonical_url":"","robots":"","primary_category":"1081","breadcrumb_title":"","facebook_title":"","facebook_description":"","facebook_image":"","facebook_image_id":"","twitter_title":"","twitter_description":"","twitter_image":"","twitter_image_id":"","twitter_card_type":"","twitter_use_facebook":"","advanced_robots":"","pillar_content":"","seo_score":"7","contentai_score":"","rich_snippet":""},"_links":{"self":[{"href":"https:\/\/dailynewshungary.com\/de\/wp-json\/wp\/v2\/posts\/752621","targetHints":{"allow":["GET"]}}],"collection":[{"href":"https:\/\/dailynewshungary.com\/de\/wp-json\/wp\/v2\/posts"}],"about":[{"href":"https:\/\/dailynewshungary.com\/de\/wp-json\/wp\/v2\/types\/post"}],"author":[{"embeddable":true,"href":"https:\/\/dailynewshungary.com\/de\/wp-json\/wp\/v2\/users\/2"}],"replies":[{"embeddable":true,"href":"https:\/\/dailynewshungary.com\/de\/wp-json\/wp\/v2\/comments?post=752621"}],"version-history":[{"count":0,"href":"https:\/\/dailynewshungary.com\/de\/wp-json\/wp\/v2\/posts\/752621\/revisions"}],"wp:featuredmedia":[{"embeddable":true,"href":"https:\/\/dailynewshungary.com\/de\/wp-json\/wp\/v2\/media\/752622"}],"wp:attachment":[{"href":"https:\/\/dailynewshungary.com\/de\/wp-json\/wp\/v2\/media?parent=752621"}],"wp:term":[{"taxonomy":"category","embeddable":true,"href":"https:\/\/dailynewshungary.com\/de\/wp-json\/wp\/v2\/categories?post=752621"},{"taxonomy":"post_tag","embeddable":true,"href":"https:\/\/dailynewshungary.com\/de\/wp-json\/wp\/v2\/tags?post=752621"}],"curies":[{"name":"wp","href":"https:\/\/api.w.org\/{rel}","templated":true}]}}