{"id":752639,"date":"2016-12-15T11:21:10","date_gmt":"2016-12-15T10:21:10","guid":{"rendered":"https:\/\/dailynewshungary.com\/de\/ungarische-streitkrafte-verlangern-ihre-beteiligung-an-der-eu-somalia-mission\/"},"modified":"2016-12-15T11:21:10","modified_gmt":"2016-12-15T10:21:10","slug":"ungarische-streitkrafte-verlangern-ihre-beteiligung-an-der-eu-somalia-mission","status":"publish","type":"post","link":"https:\/\/dailynewshungary.com\/de\/ungarische-streitkrafte-verlangern-ihre-beteiligung-an-der-eu-somalia-mission\/","title":{"rendered":"Ungarische Streitkr\u00e4fte verl\u00e4ngern ihre Beteiligung an der EU-Somalia-Mission"},"content":{"rendered":"<p><strong>Budapest, 15. Dezember (MTI) \u2013 Die Beteiligung der ungarischen Streitkr\u00e4fte an der Somalia-Mission der Europ\u00e4ischen Union wurde bis Ende 2018 verl\u00e4ngert, hei\u00dft es in der j\u00fcngsten Ausgabe des Amtsblattes Magyar K\u00f6zl\u00f6ny.<\/strong><\/p>\n<p>Ungarn wird seiner Verpflichtung als EU-Mitglied nachkommen und zur St\u00e4rkung der Sicherheits- und Verteidigungspolitik der Gemeinschaft beitragen, indem es bis zu zehn Soldaten zur Arbeit in die Somalia-Mission der EU entsendet, die zur Ausbildung lokaler Sicherheitskr\u00e4fte eingerichtet wurde.<\/p>\n<p>Die EU hat im Februar 2010 beschlossen, die EUTM Somalia zu starten, und Ungarn beteiligt sich seit Beginn daran.<\/p>\n<p><em>Foto: MTI<\/em><\/p>\n","protected":false},"excerpt":{"rendered":"<p>Budapest, 15. Dezember (MTI) \u2013 Die Beteiligung der ungarischen Streitkr\u00e4fte an der Somalia-Mission der Europ\u00e4ischen Union wurde bis Ende 2018 verl\u00e4ngert, hei\u00dft es in der j\u00fcngsten Ausgabe des Amtsblattes Magyar K\u00f6zl\u00f6ny. Ungarn wird seiner Verpflichtung als EU-Mitglied nachkommen und zur St\u00e4rkung der Sicherheits- und Verteidigungspolitik der Gemeinschaft beitragen, indem es bis zu zehn Soldaten zur [&hellip;]<\/p>\n","protected":false},"author":2,"featured_media":752640,"comment_status":"open","ping_status":"open","sticky":false,"template":"","format":"standard","meta":{"_acf_changed":false,"_display_image":"","footnotes":""},"categories":[1081],"tags":[1155,1203,1082],"class_list":["post-752639","post","type-post","status-publish","format-standard","has-post-thumbnail","hentry","category-politik","tag-afrika","tag-armee","tag-europaische-union"],"blocksy_meta":[],"acf":[],"author_username":"alk","telegram_post":"","public_post_metadata":{"breaking_news":"","important":"","csempe":"","center_tile":"","disable_thumbnail":"","target_lang":"","_featured_image_style":"","telegram_post":"","_xlat_group_id":""},"public_rank_math_data":{"title":"%title% %sep% %sitename%","description":"","focus_keyword":"Somalia","canonical_url":"","robots":"","primary_category":"1081","breadcrumb_title":"","facebook_title":"","facebook_description":"","facebook_image":"","facebook_image_id":"","twitter_title":"","twitter_description":"","twitter_image":"","twitter_image_id":"","twitter_card_type":"","twitter_use_facebook":"","advanced_robots":"","pillar_content":"","seo_score":"51","contentai_score":"","rich_snippet":""},"_links":{"self":[{"href":"https:\/\/dailynewshungary.com\/de\/wp-json\/wp\/v2\/posts\/752639","targetHints":{"allow":["GET"]}}],"collection":[{"href":"https:\/\/dailynewshungary.com\/de\/wp-json\/wp\/v2\/posts"}],"about":[{"href":"https:\/\/dailynewshungary.com\/de\/wp-json\/wp\/v2\/types\/post"}],"author":[{"embeddable":true,"href":"https:\/\/dailynewshungary.com\/de\/wp-json\/wp\/v2\/users\/2"}],"replies":[{"embeddable":true,"href":"https:\/\/dailynewshungary.com\/de\/wp-json\/wp\/v2\/comments?post=752639"}],"version-history":[{"count":0,"href":"https:\/\/dailynewshungary.com\/de\/wp-json\/wp\/v2\/posts\/752639\/revisions"}],"wp:featuredmedia":[{"embeddable":true,"href":"https:\/\/dailynewshungary.com\/de\/wp-json\/wp\/v2\/media\/752640"}],"wp:attachment":[{"href":"https:\/\/dailynewshungary.com\/de\/wp-json\/wp\/v2\/media?parent=752639"}],"wp:term":[{"taxonomy":"category","embeddable":true,"href":"https:\/\/dailynewshungary.com\/de\/wp-json\/wp\/v2\/categories?post=752639"},{"taxonomy":"post_tag","embeddable":true,"href":"https:\/\/dailynewshungary.com\/de\/wp-json\/wp\/v2\/tags?post=752639"}],"curies":[{"name":"wp","href":"https:\/\/api.w.org\/{rel}","templated":true}]}}