{"id":752716,"date":"2016-12-12T16:02:52","date_gmt":"2016-12-12T15:02:52","guid":{"rendered":"https:\/\/dailynewshungary.com\/de\/ausenminister-beklagt-mangelnde-fortschritte-bei-der-bewaltigung-der-fluchtlingskrise-durch-die-eu\/"},"modified":"2016-12-12T16:02:52","modified_gmt":"2016-12-12T15:02:52","slug":"ausenminister-beklagt-mangelnde-fortschritte-bei-der-bewaltigung-der-fluchtlingskrise-durch-die-eu","status":"publish","type":"post","link":"https:\/\/dailynewshungary.com\/de\/ausenminister-beklagt-mangelnde-fortschritte-bei-der-bewaltigung-der-fluchtlingskrise-durch-die-eu\/","title":{"rendered":"Au\u00dfenminister beklagt mangelnde Fortschritte bei der Bew\u00e4ltigung der Fl\u00fcchtlingskrise durch die EU"},"content":{"rendered":"<p>&nbsp;<\/p>\n<p><strong>Br\u00fcssel, den 12. Dezember (MTI) \u201eDer ungarische Au\u00dfenminister P\u00e9ter Szijj\u00e1rt\u00f3 beklagte am Montag bei einem Treffen der EU-Au\u00dfenminister in Br\u00fcssel einen \u201eMangel an Fortschritten\u201cin der Bew\u00e4ltigung der Fl\u00fcchtlingskrise durch die Europ\u00e4ische Union.<\/strong><\/p>\n<p>Jeden Monat werde das Thema Migration bei Treffen der EU-Minister zur Sprache gebracht, aber \u201ces passiert nie etwas\u201d, sagte Szijj\u00e1rt\u00f3 auf einer Pressekonferenz.<\/p>\n<blockquote>\n<p>\u201cNur dank einer gl\u00fccklichen Wendung der Ereignisse steht Europa derzeit nicht unter ernsthaftem Migrationsdruck, und nicht, weil die EU eine gemeinsame L\u00f6sung f\u00fcr die Krise gefunden hat oder weil sie die notwendigen Ma\u00dfnahmen ergriffen hat\u201d, sagte Szijj\u00e1rt\u00f3.<\/p>\n<\/blockquote>\n<p>Um die Fl\u00fcchtlingskrise dauerhaft zu l\u00f6sen, m\u00fcsse die EU erkl\u00e4ren, dass \u201cMigration schlecht ist und nur legale Einreise nach Europa erlaubt sein wird\u201d, sagte erDer Block sollte auch erkl\u00e4ren, dass \u201cjeder, der illegal nach [Europa] einreist, in sein Herkunftsland zur\u00fcckgeschickt wird\u201d, f\u00fcgte er hinzu.<\/p>\n<p>Die EU m\u00fcsse sich auch darauf einigen, den Kontinent dauerhaft vom Migrationsdruck zu entlasten, f\u00fcgte Szijj\u00e1rt\u00f3 hinzu.<\/p>\n","protected":false},"excerpt":{"rendered":"<p>&nbsp; Br\u00fcssel, den 12. Dezember (MTI) \u201eDer ungarische Au\u00dfenminister P\u00e9ter Szijj\u00e1rt\u00f3 beklagte am Montag bei einem Treffen der EU-Au\u00dfenminister in Br\u00fcssel einen \u201eMangel an Fortschritten\u201cin der Bew\u00e4ltigung der Fl\u00fcchtlingskrise durch die Europ\u00e4ische Union. Jeden Monat werde das Thema Migration bei Treffen der EU-Minister zur Sprache gebracht, aber \u201ces passiert nie etwas\u201d, sagte Szijj\u00e1rt\u00f3 auf einer [&hellip;]<\/p>\n","protected":false},"author":2,"featured_media":752717,"comment_status":"open","ping_status":"open","sticky":false,"template":"","format":"standard","meta":{"_acf_changed":false,"_display_image":"","footnotes":""},"categories":[1081],"tags":[1470,1082,1445],"class_list":["post-752716","post","type-post","status-publish","format-standard","has-post-thumbnail","hentry","category-politik","tag-ausenministerium-fur-ungarn","tag-europaische-union","tag-migration"],"blocksy_meta":[],"acf":[],"author_username":"alk","telegram_post":"","public_post_metadata":{"breaking_news":"","important":"","csempe":"","center_tile":"","disable_thumbnail":"","target_lang":"","_featured_image_style":"","telegram_post":"","_xlat_group_id":""},"public_rank_math_data":{"title":"%title% %sep% %sitename%","description":"","focus_keyword":"Migration","canonical_url":"","robots":"","primary_category":"1081","breadcrumb_title":"","facebook_title":"","facebook_description":"","facebook_image":"","facebook_image_id":"","twitter_title":"","twitter_description":"","twitter_image":"","twitter_image_id":"","twitter_card_type":"","twitter_use_facebook":"","advanced_robots":"","pillar_content":"","seo_score":"","contentai_score":"","rich_snippet":""},"_links":{"self":[{"href":"https:\/\/dailynewshungary.com\/de\/wp-json\/wp\/v2\/posts\/752716","targetHints":{"allow":["GET"]}}],"collection":[{"href":"https:\/\/dailynewshungary.com\/de\/wp-json\/wp\/v2\/posts"}],"about":[{"href":"https:\/\/dailynewshungary.com\/de\/wp-json\/wp\/v2\/types\/post"}],"author":[{"embeddable":true,"href":"https:\/\/dailynewshungary.com\/de\/wp-json\/wp\/v2\/users\/2"}],"replies":[{"embeddable":true,"href":"https:\/\/dailynewshungary.com\/de\/wp-json\/wp\/v2\/comments?post=752716"}],"version-history":[{"count":0,"href":"https:\/\/dailynewshungary.com\/de\/wp-json\/wp\/v2\/posts\/752716\/revisions"}],"wp:featuredmedia":[{"embeddable":true,"href":"https:\/\/dailynewshungary.com\/de\/wp-json\/wp\/v2\/media\/752717"}],"wp:attachment":[{"href":"https:\/\/dailynewshungary.com\/de\/wp-json\/wp\/v2\/media?parent=752716"}],"wp:term":[{"taxonomy":"category","embeddable":true,"href":"https:\/\/dailynewshungary.com\/de\/wp-json\/wp\/v2\/categories?post=752716"},{"taxonomy":"post_tag","embeddable":true,"href":"https:\/\/dailynewshungary.com\/de\/wp-json\/wp\/v2\/tags?post=752716"}],"curies":[{"name":"wp","href":"https:\/\/api.w.org\/{rel}","templated":true}]}}