{"id":752802,"date":"2016-12-09T11:40:28","date_gmt":"2016-12-09T10:40:28","guid":{"rendered":"https:\/\/dailynewshungary.com\/de\/roma-geht-es-in-ungarn-besser-aber-es-muss-noch-mehr-getan-werden-sagt-regierungsbeamter\/"},"modified":"2016-12-09T11:40:28","modified_gmt":"2016-12-09T10:40:28","slug":"roma-geht-es-in-ungarn-besser-aber-es-muss-noch-mehr-getan-werden-sagt-regierungsbeamter","status":"publish","type":"post","link":"https:\/\/dailynewshungary.com\/de\/roma-geht-es-in-ungarn-besser-aber-es-muss-noch-mehr-getan-werden-sagt-regierungsbeamter\/","title":{"rendered":"Roma geht es in Ungarn besser, aber es muss noch mehr getan werden, sagt Regierungsbeamter"},"content":{"rendered":"<p><strong>Br\u00fcssel (MTI) \u201eUngarn hat erhebliche Verbesserungen bei der Schulbildung und den Mahlzeiten f\u00fcr Roma-Kinder sowie auf dem Arbeitsmarkt erzielt, sagte der Staatssekret\u00e4r f\u00fcr soziale Eingliederung im Ministerium f\u00fcr Humanressourcen am Donnerstag nach einem Treffen der zust\u00e4ndigen Minister der Europ\u00e4ischen Union zust\u00e4ndig f\u00fcr Besch\u00e4ftigung, Soziales, Gesundheit und Verbraucherschutz in Br\u00fcssel.<\/strong><\/p>\n<p>Unter den L\u00e4ndern der Europ\u00e4ischen Union mit einer gro\u00dfen Roma-Gemeinschaft sei die Roma-Besch\u00e4ftigungsquote in Ungarn am h\u00f6chsten und auch die Zahl der Roma-Kinder, die einen Kindergarten besuchen, sei in Ungarn am h\u00f6chsten, sagte er und f\u00fcgte jedoch hinzu, dass die Integration der Roma weiter beschleunigt werden sollte.<\/p>\n<p>Alle sozialpolitischen Indikatoren h\u00e4tten sich f\u00fcr Roma in Ungarn in den letzten drei Jahren schneller verbessert als der Landesdurchschnitt, sagte er.<\/p>\n<p>Die Ergebnisse von Integrationsprogrammen m\u00fcssten regelm\u00e4\u00dfig bewertet werden, und diejenigen, die sp\u00fcrbare Ergebnisse bringen, sollten fortgef\u00fchrt und weiterentwickelt werden, f\u00fcgte er hinzuEr f\u00fchrte die Beispiele f\u00fcr ein kostenloses Schulbuchprogramm und die Ausweitung der Mahlzeiten f\u00fcr bed\u00fcrftige Kinder auf Schulpausen an.<\/p>\n","protected":false},"excerpt":{"rendered":"<p>Br\u00fcssel (MTI) \u201eUngarn hat erhebliche Verbesserungen bei der Schulbildung und den Mahlzeiten f\u00fcr Roma-Kinder sowie auf dem Arbeitsmarkt erzielt, sagte der Staatssekret\u00e4r f\u00fcr soziale Eingliederung im Ministerium f\u00fcr Humanressourcen am Donnerstag nach einem Treffen der zust\u00e4ndigen Minister der Europ\u00e4ischen Union zust\u00e4ndig f\u00fcr Besch\u00e4ftigung, Soziales, Gesundheit und Verbraucherschutz in Br\u00fcssel. Unter den L\u00e4ndern der Europ\u00e4ischen Union [&hellip;]<\/p>\n","protected":false},"author":2,"featured_media":752803,"comment_status":"open","ping_status":"open","sticky":false,"template":"","format":"standard","meta":{"_acf_changed":false,"_display_image":"","footnotes":""},"categories":[1151],"tags":[1560,1082,2074],"class_list":["post-752802","post","type-post","status-publish","format-standard","has-post-thumbnail","hentry","category-kulturen","tag-ethnische","tag-europaische-union","tag-roma"],"blocksy_meta":[],"acf":[],"author_username":"alk","telegram_post":"","public_post_metadata":{"breaking_news":"","important":"","csempe":"","center_tile":"","disable_thumbnail":"","target_lang":"","_featured_image_style":"","telegram_post":"","_xlat_group_id":""},"public_rank_math_data":{"title":"%title% %sep% %sitename%","description":"","focus_keyword":"Roma","canonical_url":"","robots":"","primary_category":"1151","breadcrumb_title":"","facebook_title":"","facebook_description":"","facebook_image":"","facebook_image_id":"","twitter_title":"","twitter_description":"","twitter_image":"","twitter_image_id":"","twitter_card_type":"","twitter_use_facebook":"","advanced_robots":"","pillar_content":"","seo_score":"52","contentai_score":"","rich_snippet":""},"_links":{"self":[{"href":"https:\/\/dailynewshungary.com\/de\/wp-json\/wp\/v2\/posts\/752802","targetHints":{"allow":["GET"]}}],"collection":[{"href":"https:\/\/dailynewshungary.com\/de\/wp-json\/wp\/v2\/posts"}],"about":[{"href":"https:\/\/dailynewshungary.com\/de\/wp-json\/wp\/v2\/types\/post"}],"author":[{"embeddable":true,"href":"https:\/\/dailynewshungary.com\/de\/wp-json\/wp\/v2\/users\/2"}],"replies":[{"embeddable":true,"href":"https:\/\/dailynewshungary.com\/de\/wp-json\/wp\/v2\/comments?post=752802"}],"version-history":[{"count":0,"href":"https:\/\/dailynewshungary.com\/de\/wp-json\/wp\/v2\/posts\/752802\/revisions"}],"wp:featuredmedia":[{"embeddable":true,"href":"https:\/\/dailynewshungary.com\/de\/wp-json\/wp\/v2\/media\/752803"}],"wp:attachment":[{"href":"https:\/\/dailynewshungary.com\/de\/wp-json\/wp\/v2\/media?parent=752802"}],"wp:term":[{"taxonomy":"category","embeddable":true,"href":"https:\/\/dailynewshungary.com\/de\/wp-json\/wp\/v2\/categories?post=752802"},{"taxonomy":"post_tag","embeddable":true,"href":"https:\/\/dailynewshungary.com\/de\/wp-json\/wp\/v2\/tags?post=752802"}],"curies":[{"name":"wp","href":"https:\/\/api.w.org\/{rel}","templated":true}]}}