{"id":752917,"date":"2016-12-05T13:20:40","date_gmt":"2016-12-05T12:20:40","guid":{"rendered":"https:\/\/dailynewshungary.com\/de\/orban-gratuliert-dem-gewahlten-prasidenten-osterreichs-lmp-begrust-wahl-des-grunen-prasidenten\/"},"modified":"2016-12-05T13:20:40","modified_gmt":"2016-12-05T12:20:40","slug":"orban-gratuliert-dem-gewahlten-prasidenten-osterreichs-lmp-begrust-wahl-des-grunen-prasidenten","status":"publish","type":"post","link":"https:\/\/dailynewshungary.com\/de\/orban-gratuliert-dem-gewahlten-prasidenten-osterreichs-lmp-begrust-wahl-des-grunen-prasidenten\/","title":{"rendered":"Orb\u00e1n gratuliert dem gew\u00e4hlten Pr\u00e4sidenten \u00d6sterreichs, LMP begr\u00fc\u00dft Wahl des \u201cgr\u00fcnen\u201d Pr\u00e4sidenten"},"content":{"rendered":"<p><strong>Budapest, 5. Dezember (MTI) \u2013 Die gr\u00fcne Oppositionspartei LMP begr\u00fc\u00dfte am Montag die Wahl von Alexander Van der Bellen, dem ersten \u201cgr\u00fcnen\u201d Pr\u00e4sidenten der Geschichte, in der wiederholten zweiten Runde der Pr\u00e4sidentschaftswahlen in \u00d6sterreich Ministerpr\u00e4sident Viktor Orb\u00e1n schickte ein Gl\u00fcckwunschschreiben an Alexander Van der Bellen.<\/strong><\/p>\n<blockquote>\n<p>\u201cIch freue mich sehr auf die Zusammenarbeit in den kommenden Jahren, um zur Entwicklung der mitteleurop\u00e4ischen Region beizutragen und die Herausforderungen zu l\u00f6sen, vor denen die Europ\u00e4ische Union steht\u201d, sagte Orb\u00e1n.<\/p>\n<\/blockquote>\n<p>Orb\u00e1n versicherte dem gew\u00e4hlten Pr\u00e4sidenten, dass er bereit sei, die Beziehungen weiter auszubauen und die Partnerschaft mit \u00f6sterreichischen Staats- und Regierungschefs zu vertiefen, sagte Bertalan Havasi.<\/p>\n<h4>LMP begr\u00fc\u00dft Wahl des \u201cgr\u00fcnen\u201d Pr\u00e4sidenten in \u00d6sterreich<\/h4>\n<p>Die Partei freue sich darauf, dass die \u00d6kopolitik in der direkten Nachbarschaft Ungarns auf h\u00f6chster Ebene vertreten sei, sagte die LMP-Fraktion in einer Erkl\u00e4rung.<\/p>\n<p>Die Wahl von Van der Bellen sei ein klarer Beweis daf\u00fcr, dass verantwortungsbewusste politische F\u00fchrer die Chance h\u00e4tten, die Forderung nach Ver\u00e4nderung durch Massen anzunehmen, die mit den aktuellen Eliten unzufrieden seien, hie\u00df es weiter.<\/p>\n<p><em>Foto: MTI\/AP\/Matthias Schrader<\/em><\/p>\n","protected":false},"excerpt":{"rendered":"<p>Budapest, 5. Dezember (MTI) \u2013 Die gr\u00fcne Oppositionspartei LMP begr\u00fc\u00dfte am Montag die Wahl von Alexander Van der Bellen, dem ersten \u201cgr\u00fcnen\u201d Pr\u00e4sidenten der Geschichte, in der wiederholten zweiten Runde der Pr\u00e4sidentschaftswahlen in \u00d6sterreich Ministerpr\u00e4sident Viktor Orb\u00e1n schickte ein Gl\u00fcckwunschschreiben an Alexander Van der Bellen. \u201cIch freue mich sehr auf die Zusammenarbeit in den kommenden [&hellip;]<\/p>\n","protected":false},"author":2,"featured_media":752918,"comment_status":"open","ping_status":"open","sticky":false,"template":"","format":"standard","meta":{"_acf_changed":false,"_display_image":"","footnotes":""},"categories":[1081],"tags":[1465,1873,1128],"class_list":["post-752917","post","type-post","status-publish","format-standard","has-post-thumbnail","hentry","category-politik","tag-austria","tag-lmp","tag-viktor-orban"],"blocksy_meta":[],"acf":[],"author_username":"alk","telegram_post":"","public_post_metadata":{"breaking_news":"","important":"","csempe":"","center_tile":"","disable_thumbnail":"","target_lang":"","_featured_image_style":"","telegram_post":"","_xlat_group_id":""},"public_rank_math_data":{"title":"%title% %sep% %sitename%","description":"","focus_keyword":"\u00d6sterreich","canonical_url":"","robots":"","primary_category":"1081","breadcrumb_title":"","facebook_title":"","facebook_description":"","facebook_image":"","facebook_image_id":"","twitter_title":"","twitter_description":"","twitter_image":"","twitter_image_id":"","twitter_card_type":"","twitter_use_facebook":"","advanced_robots":"","pillar_content":"","seo_score":"63","contentai_score":"","rich_snippet":""},"_links":{"self":[{"href":"https:\/\/dailynewshungary.com\/de\/wp-json\/wp\/v2\/posts\/752917","targetHints":{"allow":["GET"]}}],"collection":[{"href":"https:\/\/dailynewshungary.com\/de\/wp-json\/wp\/v2\/posts"}],"about":[{"href":"https:\/\/dailynewshungary.com\/de\/wp-json\/wp\/v2\/types\/post"}],"author":[{"embeddable":true,"href":"https:\/\/dailynewshungary.com\/de\/wp-json\/wp\/v2\/users\/2"}],"replies":[{"embeddable":true,"href":"https:\/\/dailynewshungary.com\/de\/wp-json\/wp\/v2\/comments?post=752917"}],"version-history":[{"count":0,"href":"https:\/\/dailynewshungary.com\/de\/wp-json\/wp\/v2\/posts\/752917\/revisions"}],"wp:featuredmedia":[{"embeddable":true,"href":"https:\/\/dailynewshungary.com\/de\/wp-json\/wp\/v2\/media\/752918"}],"wp:attachment":[{"href":"https:\/\/dailynewshungary.com\/de\/wp-json\/wp\/v2\/media?parent=752917"}],"wp:term":[{"taxonomy":"category","embeddable":true,"href":"https:\/\/dailynewshungary.com\/de\/wp-json\/wp\/v2\/categories?post=752917"},{"taxonomy":"post_tag","embeddable":true,"href":"https:\/\/dailynewshungary.com\/de\/wp-json\/wp\/v2\/tags?post=752917"}],"curies":[{"name":"wp","href":"https:\/\/api.w.org\/{rel}","templated":true}]}}