{"id":752966,"date":"2016-12-03T13:30:36","date_gmt":"2016-12-03T12:30:36","guid":{"rendered":"https:\/\/dailynewshungary.com\/de\/v4-agrarkammern-lehnen-eu-plan-ab-landliche-subventionen-gegen-fluchtlingskosten-einzusetzen\/"},"modified":"2016-12-03T13:30:36","modified_gmt":"2016-12-03T12:30:36","slug":"v4-agrarkammern-lehnen-eu-plan-ab-landliche-subventionen-gegen-fluchtlingskosten-einzusetzen","status":"publish","type":"post","link":"https:\/\/dailynewshungary.com\/de\/v4-agrarkammern-lehnen-eu-plan-ab-landliche-subventionen-gegen-fluchtlingskosten-einzusetzen\/","title":{"rendered":"V4-Agrarkammern lehnen EU-Plan ab, l\u00e4ndliche Subventionen gegen Fl\u00fcchtlingskosten einzusetzen"},"content":{"rendered":"<p><strong>Budapest (MTI) \u2013 Die Landwirtschaftskammern der L\u00e4nder der Visegrad-Gruppe gaben am Freitag eine gemeinsame Erkl\u00e4rung ab, in der sie die Idee ablehnten, dass die Mittel der Europ\u00e4ischen Union f\u00fcr die Entwicklung des l\u00e4ndlichen Raums zur Finanzierung von Aufgaben im Bereich Migration verwendet werden sollten.<\/strong><\/p>\n<p>Die Erkl\u00e4rung der Tschechischen Republik, Ungarns, Polens und der Slowakei wurde in Balatonfured, Westungarn, von Leitern der vier Organisationen unterzeichnet, nachdem die 63. Sitzung ihrer Landwirtschaftskammern, Bal\u00e1zs Gy.rffy, Leiter des ungarischen Gremiums, auf einer Pressekonferenz erkl\u00e4rt hatte.<\/p>\n<p>Die Teilnehmer \u201clehnten entschieden\u201d den Vorschlag der Europ\u00e4ischen Kommission ab, dass die Themen Migration und Fl\u00fcchtlinge unter die Ziele des Europ\u00e4ischen Struktur- und Investitionsfonds und der Subventionen f\u00fcr die Entwicklung des l\u00e4ndlichen Raums fallen sollten.<\/p>\n<p>Die Vertreter der V4-Agrarkammern sagten, der Vorschlag sollte verworfen oder freiwillig gemacht werden.<\/p>\n<p>Sie befassten sich auch mit der Frage der Best\u00e4nde, die aufgrund des russischen Embargos auf den Binnenm\u00e4rkten der EU stranden, sowie mit den Freihandelsabkommen der EU. Gy.rffy sagte, die Abkommen w\u00fcrden mittel &#8211; und l\u00e4ngerfristig die Wettbewerbsf\u00e4higkeit der Agrarwirtschaften der V4-L\u00e4nder bestimmen, und k\u00f6nnten sogar \u201cein Make-or-Break-Faktor ihrer Existenz sein\u201d.<\/p>\n","protected":false},"excerpt":{"rendered":"<p>Budapest (MTI) \u2013 Die Landwirtschaftskammern der L\u00e4nder der Visegrad-Gruppe gaben am Freitag eine gemeinsame Erkl\u00e4rung ab, in der sie die Idee ablehnten, dass die Mittel der Europ\u00e4ischen Union f\u00fcr die Entwicklung des l\u00e4ndlichen Raums zur Finanzierung von Aufgaben im Bereich Migration verwendet werden sollten. Die Erkl\u00e4rung der Tschechischen Republik, Ungarns, Polens und der Slowakei wurde [&hellip;]<\/p>\n","protected":false},"author":2,"featured_media":752967,"comment_status":"open","ping_status":"open","sticky":false,"template":"","format":"standard","meta":{"_acf_changed":false,"_display_image":"","footnotes":""},"categories":[1281],"tags":[1082,1475,1445,1923],"class_list":["post-752966","post","type-post","status-publish","format-standard","has-post-thumbnail","hentry","category-geschaft","tag-europaische-union","tag-landwirtschaft","tag-migration","tag-visegrad-vier"],"blocksy_meta":[],"acf":[],"author_username":"alk","telegram_post":"","public_post_metadata":{"breaking_news":"","important":"","csempe":"","center_tile":"","disable_thumbnail":"","target_lang":"","_featured_image_style":"","telegram_post":"","_xlat_group_id":""},"public_rank_math_data":{"title":"%title% %sep% %sitename%","description":"","focus_keyword":"Landwirtschaft","canonical_url":"","robots":"","primary_category":"1281","breadcrumb_title":"","facebook_title":"","facebook_description":"","facebook_image":"","facebook_image_id":"","twitter_title":"","twitter_description":"","twitter_image":"","twitter_image_id":"","twitter_card_type":"","twitter_use_facebook":"","advanced_robots":"","pillar_content":"","seo_score":"15","contentai_score":"","rich_snippet":""},"_links":{"self":[{"href":"https:\/\/dailynewshungary.com\/de\/wp-json\/wp\/v2\/posts\/752966","targetHints":{"allow":["GET"]}}],"collection":[{"href":"https:\/\/dailynewshungary.com\/de\/wp-json\/wp\/v2\/posts"}],"about":[{"href":"https:\/\/dailynewshungary.com\/de\/wp-json\/wp\/v2\/types\/post"}],"author":[{"embeddable":true,"href":"https:\/\/dailynewshungary.com\/de\/wp-json\/wp\/v2\/users\/2"}],"replies":[{"embeddable":true,"href":"https:\/\/dailynewshungary.com\/de\/wp-json\/wp\/v2\/comments?post=752966"}],"version-history":[{"count":0,"href":"https:\/\/dailynewshungary.com\/de\/wp-json\/wp\/v2\/posts\/752966\/revisions"}],"wp:featuredmedia":[{"embeddable":true,"href":"https:\/\/dailynewshungary.com\/de\/wp-json\/wp\/v2\/media\/752967"}],"wp:attachment":[{"href":"https:\/\/dailynewshungary.com\/de\/wp-json\/wp\/v2\/media?parent=752966"}],"wp:term":[{"taxonomy":"category","embeddable":true,"href":"https:\/\/dailynewshungary.com\/de\/wp-json\/wp\/v2\/categories?post=752966"},{"taxonomy":"post_tag","embeddable":true,"href":"https:\/\/dailynewshungary.com\/de\/wp-json\/wp\/v2\/tags?post=752966"}],"curies":[{"name":"wp","href":"https:\/\/api.w.org\/{rel}","templated":true}]}}