{"id":752998,"date":"2016-12-02T10:50:56","date_gmt":"2016-12-02T09:50:56","guid":{"rendered":"https:\/\/dailynewshungary.com\/de\/orbans-interview-uber-migration-energiepreissenkungen-und-andere-interessante-themen\/"},"modified":"2016-12-02T10:50:56","modified_gmt":"2016-12-02T09:50:56","slug":"orbans-interview-uber-migration-energiepreissenkungen-und-andere-interessante-themen","status":"publish","type":"post","link":"https:\/\/dailynewshungary.com\/de\/orbans-interview-uber-migration-energiepreissenkungen-und-andere-interessante-themen\/","title":{"rendered":"Orb\u00e1ns Interview \u00fcber Migration, Energiepreissenkungen und andere interessante Themen"},"content":{"rendered":"<p><strong>Budapest, 2. Dezember (MTI) \u2013 Die ungarische Regierung werde nicht zulassen, dass Br\u00fcssel in die Entscheidungsfindung der Beh\u00f6rden \u00fcber die Energiepreise eingreife, sagte der Premierminister am Freitag in einem Interview mit dem \u00f6ffentlichen Radio.<\/strong><\/p>\n<p>Viktor Orb\u00e1n sagte, wenn den Beh\u00f6rden das Recht entzogen w\u00fcrde, die Energiepreise festzulegen, w\u00fcrde der Plan der Regierung, die Stromrechnungen niedrig zu halten, gef\u00e4hrdet.<\/p>\n<p>Er bestand darauf, dass der Wettbewerb im Energiesektor nicht zu niedrigeren Preisen aufgrund von \u201cAllen m\u00f6glichen Hinterzimmer-Deals\u201d f\u00fchre, stattdessen w\u00fcrden die Preise steigen.<\/p>\n<p>Die Regierung wird niedrige Stromrechnungen verteidigen, und w\u00e4hrend der Kampf hart sein wird \u201chaben wir alle Chancen auf Erfolg\u201d, sagte Orb\u00e1n.<\/p>\n<p>Orb\u00e1n sagte, die Arbeitslosenquote Ungarns unter 5 Prozent zeige, dass Menschen, die bereit sind zu arbeiten, arbeiten k\u00f6nnen. Er f\u00fcgte jedoch hinzu, dass die Lage auf dem Arbeitsmarkt des Landes aufgrund regionaler Ungleichheiten immer noch nicht ideal sei und dass Arbeitnehmer nicht immer die Arbeitspl\u00e4tze bekommen \u201eDie sie wollen.\u201c\u201eAber zumindest k\u00f6nnen wir sagen, dass jeder Zugang zu einer Art Job hat\u201d Orb\u00e1n sagte, dass \u201eselbst im schlimmsten Fall\u201d die Menschen zumindest Zugang zu Arbeitspl\u00e4tzen im Rahmen der Pflegearbeit haben.<\/p>\n<p>Er sagte, die Logik hinter den j\u00fcngsten wirtschaftspolitischen Entscheidungen der Regierung sei, dass jeder Arbeitgeber, der bereit sei, die L\u00f6hne zu erh\u00f6hen, Steuererleichterungen erhalten w\u00fcrde.<\/p>\n<p>Der Zustand der ungarischen Wirtschaft sei heute so gut wie seit 1990 nicht mehr, sagte er \u201cEs ist nicht so, dass wir angekommen w\u00e4ren; wir sind auf dem Weg [in die richtige] Richtung zum Erfolg.\u201d<\/p>\n<p>Orb\u00e1n sagte, Ungarn sei nun \u201cim Siegerteam\u201d der L\u00e4nder, was seiner Meinung nach schon lange nicht mehr der Fall gewesen sei.<\/p>\n<p>\u201cLangsam aber sicher wird Ungarn vom schwarzen Schaf zur Erfolgsgeschichte\u201d, beharrte der Ministerpr\u00e4sident.<\/p>\n<p>Orb\u00e1n kommentierte deutsche Prognosen, die eine Verlangsamung der Wirtschaft dieses Landes bis 2018 erkennen lassen, und sagte, die Welt sei \u201cmehr als nur Deutschland\u201d, und verwies auf die \u00d6ffnungspolitik seiner Regierung im Osten und S\u00fcden.<\/p>\n<h4>Regierungen, die den Widerstand gegen die Migration, die zum Niedergang f\u00fchren soll, nicht verstehen<\/h4>\n<p><strong>Premierminister Viktor Orb\u00e1n sagte am Freitag, er erwarte, dass Regierungen, die nicht verstehen, dass Menschen gegen Migration sind, irgendwann gest\u00fcrzt w\u00fcrden.<\/strong><\/p>\n<p>\u201cDas ist nur eine Frage der Zeit&#8230; aber wir m\u00fcssen durchhalten, bis die Demokratie wiederhergestellt ist\u201d, sagte der Premierminister gegen\u00fcber dem \u00f6ffentlich zug\u00e4nglichen Kossuth Radio.<\/p>\n<p>\u201cDie Demokratie in Europa ist ver\u00e4rgertEs gibt kein demokratisches Gleichgewicht, weil die Menschen nicht mit dem im Boot sind, was ihre F\u00fchrer ihnen aufzwingen wollen\u201d<\/p>\n<p>Aber Orb\u00e1n sagte, dass \u201eselbst diejenigen, die diese demokratische Haltung nicht von Anfang an angewendet haben\u201cauf der Grundlage der Regeln der Demokratie erkennen w\u00fcrden, dass sie entweder \u201eDemokraten werden\u201d oder scheitern m\u00fcssten \u201eDas passiert heute in Europa, Schritt f\u00fcr Schritt.\u201cTats\u00e4chlich ist das auch in den Vereinigten Staaten passiert\u201d, sagte er unter Bezugnahme auf die Wahl von Donald Trump.<\/p>\n<p>\u201cWir m\u00fcssen durchhalten, bis wir [die wir uns gegen Migration stellen] in der Mehrheit sind\u201d, bestand Orb\u00e1n.<\/p>\n<p>Orb\u00e1n begr\u00fc\u00dfte die Entscheidung des Verfassungsgerichts vom Mittwoch, in der es erkl\u00e4rte, dass es EU-Ma\u00dfnahmen \u00fcberpr\u00fcfen k\u00f6nne, um zu beurteilen, ob sie die Souver\u00e4nit\u00e4t Ungarns verletzen oder seine verfassungsm\u00e4\u00dfige Identit\u00e4t sch\u00e4digen. Orb\u00e1n sagte, das Urteil des Gerichts sei ihm in seinem \u201eKampf mit Br\u00fcssel\u201czur Migration \u201eeine gro\u00dfe Hilfe\u201d.<\/p>\n<p>\u201cWir k\u00f6nnen jetzt endlich vergessen, dass die Opposition sich f\u00fcr die Seite Br\u00fcssels entschieden hat&#8230; weil es uns jetzt gelungen ist, sie zu umgehen\u201d, sagte er.<\/p>\n<p>Das Verfassungsgericht stellte klar, dass die Regierung aufgrund der Verfassung ein Recht und eine Pflicht habe, die nationale und verfassungsm\u00e4\u00dfige Identit\u00e4t und die Grundinteressen des Landes zu sch\u00fctzen, so Orb\u00e1nDas bedeutet, dass das Kabinett keine EU-Entscheidung unterst\u00fctzen kann, die die Souver\u00e4nit\u00e4t Ungarns verletzt \u201cNiemand au\u00dfer uns kann entscheiden, mit wem wir zusammenleben sollen\u201d, sagte der Ministerpr\u00e4sidentOrb\u00e1n sagte, die Entscheidung des obersten Gerichts sei \u201cgute Nachricht\u201d f\u00fcr diejenigen, die nicht wollten, dass Ungarn \u201cbesetzt\u201d wird.<\/p>\n<p>Zum EU-Gipfel zum Thema Migration, der noch in diesem Monat stattfinden soll, sagte Orb\u00e1n \u201cdas Match ist unentschieden\u201d Er beschrieb das Kr\u00e4fteverh\u00e4ltnis zwischen den gegnerischen Seiten als das zwischen \u201cDavid und Goliath\u201d, in dem er sagte, die Visegrad-Four-Gruppierung Ungarns, der Tschechischen Republik, Polens und der Slowakei sei in der Rolle Davids \u201cAber der Entscheidungsprozess der EU ist so gestaltet, dass die Ministerpr\u00e4sidenten bei wichtigen Entscheidungen einen Konsens erzielen m\u00fcssen, sodass selbst David eine Chance hat\u201d, f\u00fcgte er hinzu.<\/p>\n<p>Auf die Bitte, sich zur Lage in der T\u00fcrkei zu \u00e4u\u00dfern, sagte Orb\u00e1n, das Land habe eine \u201cgute Chance\u201d, seine Stabilit\u00e4t zu bewahren. Er sagte, dies sei aus europ\u00e4ischer Sicht von entscheidender Bedeutung und argumentierte, dass eine instabile T\u00fcrkei schwerwiegende negative Auswirkungen auf Europa haben w\u00fcrde.<\/p>\n","protected":false},"excerpt":{"rendered":"<p>Budapest, 2. Dezember (MTI) \u2013 Die ungarische Regierung werde nicht zulassen, dass Br\u00fcssel in die Entscheidungsfindung der Beh\u00f6rden \u00fcber die Energiepreise eingreife, sagte der Premierminister am Freitag in einem Interview mit dem \u00f6ffentlichen Radio. Viktor Orb\u00e1n sagte, wenn den Beh\u00f6rden das Recht entzogen w\u00fcrde, die Energiepreise festzulegen, w\u00fcrde der Plan der Regierung, die Stromrechnungen niedrig [&hellip;]<\/p>\n","protected":false},"author":2,"featured_media":752999,"comment_status":"open","ping_status":"open","sticky":false,"template":"","format":"standard","meta":{"_acf_changed":false,"_display_image":"","footnotes":""},"categories":[1081],"tags":[1082,1326,1485,1445,1157,1128,1923,1104],"class_list":["post-752998","post","type-post","status-publish","format-standard","has-post-thumbnail","hentry","category-politik","tag-europaische-union","tag-gericht","tag-interview","tag-migration","tag-vereinigte-staaten","tag-viktor-orban","tag-visegrad-vier","tag-wirtschaft"],"blocksy_meta":[],"acf":[],"author_username":"alk","telegram_post":"","public_post_metadata":{"breaking_news":"","important":"","csempe":"","center_tile":"","disable_thumbnail":"","target_lang":"","_featured_image_style":"","telegram_post":"","_xlat_group_id":""},"public_rank_math_data":{"title":"%title% %sep% %sitename%","description":"","focus_keyword":"Orb\u00e1n","canonical_url":"","robots":"","primary_category":"1081","breadcrumb_title":"","facebook_title":"","facebook_description":"","facebook_image":"","facebook_image_id":"","twitter_title":"","twitter_description":"","twitter_image":"","twitter_image_id":"","twitter_card_type":"","twitter_use_facebook":"","advanced_robots":"","pillar_content":"","seo_score":"60","contentai_score":"","rich_snippet":""},"_links":{"self":[{"href":"https:\/\/dailynewshungary.com\/de\/wp-json\/wp\/v2\/posts\/752998","targetHints":{"allow":["GET"]}}],"collection":[{"href":"https:\/\/dailynewshungary.com\/de\/wp-json\/wp\/v2\/posts"}],"about":[{"href":"https:\/\/dailynewshungary.com\/de\/wp-json\/wp\/v2\/types\/post"}],"author":[{"embeddable":true,"href":"https:\/\/dailynewshungary.com\/de\/wp-json\/wp\/v2\/users\/2"}],"replies":[{"embeddable":true,"href":"https:\/\/dailynewshungary.com\/de\/wp-json\/wp\/v2\/comments?post=752998"}],"version-history":[{"count":0,"href":"https:\/\/dailynewshungary.com\/de\/wp-json\/wp\/v2\/posts\/752998\/revisions"}],"wp:featuredmedia":[{"embeddable":true,"href":"https:\/\/dailynewshungary.com\/de\/wp-json\/wp\/v2\/media\/752999"}],"wp:attachment":[{"href":"https:\/\/dailynewshungary.com\/de\/wp-json\/wp\/v2\/media?parent=752998"}],"wp:term":[{"taxonomy":"category","embeddable":true,"href":"https:\/\/dailynewshungary.com\/de\/wp-json\/wp\/v2\/categories?post=752998"},{"taxonomy":"post_tag","embeddable":true,"href":"https:\/\/dailynewshungary.com\/de\/wp-json\/wp\/v2\/tags?post=752998"}],"curies":[{"name":"wp","href":"https:\/\/api.w.org\/{rel}","templated":true}]}}