{"id":753000,"date":"2016-12-02T09:50:34","date_gmt":"2016-12-02T08:50:34","guid":{"rendered":"https:\/\/dailynewshungary.com\/de\/wochentliche-regierungsnachrichten-das-oberste-gericht-entschied-dass-eu-recht-die-souveranitat-nicht-ersetzen-kann\/"},"modified":"2016-12-02T09:50:34","modified_gmt":"2016-12-02T08:50:34","slug":"wochentliche-regierungsnachrichten-das-oberste-gericht-entschied-dass-eu-recht-die-souveranitat-nicht-ersetzen-kann","status":"publish","type":"post","link":"https:\/\/dailynewshungary.com\/de\/wochentliche-regierungsnachrichten-das-oberste-gericht-entschied-dass-eu-recht-die-souveranitat-nicht-ersetzen-kann\/","title":{"rendered":"W\u00f6chentliche Regierungsnachrichten: Das oberste Gericht entschied, dass EU-Recht die Souver\u00e4nit\u00e4t nicht ersetzen kann"},"content":{"rendered":"<p><strong>Budapest, 1. Dezember (MTI) (Das ungarische Verfassungsgericht hat entschieden, dass Ungarn sich bei seinem Beitritt zur Europ\u00e4ischen Union verpflichtet hat, in bestimmten Bereichen EU-Gesetze zu praktizieren, gleichzeitig aber Br\u00fcssel die Souver\u00e4nit\u00e4t des Landes nicht verletzen und seine verfassungsm\u00e4\u00dfige Identit\u00e4t nicht sch\u00e4digen darf, sagte Regierungsstellenchef J\u00e1nos L\u00e1z\u00e1r am Donnerstag im Zusammenhang mit der Migrationspolitik.<\/strong><\/p>\n<p>L\u00e1z\u00e1r sagte in einer w\u00f6chentlichen Regierungsbriefing, dass die Position des obersten Gerichts klar sei: Der Schutz der Souver\u00e4nit\u00e4t habe Vorrang vor der Praxis gemeinsamer EU-Gesetze, da diese nicht mit einer Einschr\u00e4nkung der Bev\u00f6lkerung durch ihre Kontrollen gleichzusetzen seien.<\/p>\n<p>Bei einer Regierungssitzung am kommenden Dienstag und Mittwoch werden umfassende und strategische Fragen beraten und das Kabinett wird seine bisher geleistete Arbeit und Aufgaben f\u00fcr die Zukunft bewerten, sagte er.<\/p>\n<p>L\u00e1z\u00e1r gab bekannt, dass die Regierung die Vorlage eines neuen Gesetzentwurfs zur \u00c4nderung des Status des Statistischen Zentralamts (KSH) vorbereite. Er sagte, der Gesetzentwurf werde die rechtlichen Garantien f\u00fcr die Unabh\u00e4ngigkeit der KSH im Einklang mit den EU-Vorschriften festlegen, die die berufliche Unabh\u00e4ngigkeit der nationalen Statistikbeh\u00f6rden vorschreiben.<\/p>\n<p>Auf eine Frage antwortete L\u00e1z\u00e1r, die Regierung beobachte die Einmischung von au\u00dfen in die Angelegenheiten Ungarns genau. Er sagte, es gebe Hinweise darauf, dass vom in Ungarn geborenen US-Finanzier George Soros finanzierte Stiftungen versuchten, Einfluss in Nachbarl\u00e4ndern und dar\u00fcber hinaus auszu\u00fcben. L\u00e1z\u00e1r sagte, es \u201elohne es sich, mit diesen Entwicklungen Schritt zu halten\u201cund argumentierte, dass \u201eklar\u201d sei, dass es \u201eAbsicht\u201d gebe, Entscheidungstr\u00e4ger und andere durch \u201edie Umgehung der Souver\u00e4nit\u00e4t [dieser L\u00e4nder]\u201czu beeinflussen\u201d.<\/p>\n<p>Zum Thema einer EU-Untersuchung zur Modernisierung der Eisenbahnlinie Budapest-Belgrad sagte L\u00e1z\u00e1r, das Projekt werde wegen Bedenken hinsichtlich der \u00f6ffentlichen Auftragsvergabe untersucht. Er sagte, die Untersuchung stehe kurz vor dem Abschluss und f\u00fcgte hinzu, dass die Europ\u00e4ische Kommission bereit sei, eine Einigung mit Ungarn in dieser Angelegenheit zu erzielen.<\/p>\n<p>Auf die Frage nach den Chancen, dass die westlichen Balkanl\u00e4nder in naher Zukunft der EU beitreten werden, sagte L\u00e1z\u00e1r, dass dies unter der Amtszeit der derzeitigen Kommission wahrscheinlich nicht passieren werde.<\/p>\n<p>Auf eine Frage zu den polizeilichen Ermittlungen zur j\u00fcngsten Ermordung eines Polizisten in B ofny im Nordwesten Ungarns \u00e4u\u00dferte L\u00e1z\u00e1r die Hoffnung, dass die Ermittlungen bis Weihnachten abgeschlossen werden k\u00f6nnten. Der nationale Sicherheitsausschuss des Parlaments habe zugestimmt, sich nicht mit anderen Aspekten des Falles zu befassen, beispielsweise mit politischen, bis die polizeilichen Ermittlungen abgeschlossen seien, f\u00fcgte er hinzu.<\/p>\n<p>Zu einem anderen Thema sagte L\u00e1z\u00e1r unter Berufung auf eine EU-Umfrage, Ungarn befinde sich in Bezug auf die soziale Integration seiner Roma-Bev\u00f6lkerung am krassen Ende des EU-Feldes. Bei der 28-L\u00e4nder-Umfrage lag Ungarn bei der Roma-Besch\u00e4ftigung an zweiter Stelle und Ungarn habe den h\u00f6chsten Anteil an Roma-Kindern, die Kindergarten und Schule besuchen, sagte L\u00e1z\u00e1r.<\/p>\n<h4>Regierung k\u00e4mpft gegen EU-Energievorschlag<\/h4>\n<p><strong>Die Regierung werde eine aktive Rolle bei den Verhandlungen \u00fcber die Forderung der Europ\u00e4ischen Union \u00fcbernehmen, Ungarn solle aus der zentralen Energiepreisbindung aussteigen, sagte Regierungsamtsleiter J\u00e1nos L\u00e1z\u00e1r am DonnerstagZiel der Regierung sei es, die Forderung der EU zu blockieren, sagte er.<\/strong><\/p>\n<p>Die Forderung der Europ\u00e4ischen Kommission w\u00fcrde, wenn sie erf\u00fcllt w\u00fcrde, K\u00fcrzungen der Stromrechnungen auf der Grundlage der von der Regierung festgelegten Strom- und Gaspreise gef\u00e4hrden, sagte er.<\/p>\n<h4>Regierung hilft Rentnern<\/h4>\n<p><strong>Die Regierung verbessere den Lebensstandard der Rentner wirklich, sagte der Leiter des Regierungsb\u00fcros.<\/strong><\/p>\n<p>\u201eEtwa null Inflation, um 30 Prozent gek\u00fcrzte Stromrechnungen und eine Erh\u00f6hung der Renten um 1,6 Prozent im Jahr 2017 werden daf\u00fcr sorgen, dass Rentner ein faires Angebot bekommen, sagte L\u00e1z\u00e1r.<\/p>\n<p>Dar\u00fcber hinaus erhalten 2,8 Millionen Rentner zu Weihnachten 10.000 Forint-Gutscheine (32 Euro).<\/p>\n<p>Die Haushaltseinnahmen geh\u00f6ren zu den h\u00f6chsten, die jemals verzeichnet wurden, und Rentner verdienen es, ihren gerechten Anteil am Erl\u00f6s zu erhalten, sagte er und f\u00fcgte hinzu, dass die Rentenerh\u00f6hung zus\u00e4tzliche Ausgaben in H\u00f6he von 56 Milliarden Forint erfordern werde.<\/p>\n<p>Zum Thema Besch\u00e4ftigung sagte L\u00e1z\u00e1r, die Daten h\u00e4tten seit 1990 nicht mehr so positiv ausgesehen.<\/p>\n<p>Die Zahl der Menschen in Pflegearbeitsprogrammen ist in diesem Jahr um 11.000 gesunken, w\u00e4hrend die Zahl der Besch\u00e4ftigten im privaten Sektor um 138.000 gestiegen ist.<\/p>\n<blockquote>\n<p>\u201cHeute arbeiten 700.000 Menschen mehr als 2010\u201d, sagte er.<\/p>\n<\/blockquote>\n<p>L\u00e1z\u00e1r sagte auch, dass eine \u00dcberpr\u00fcfung der B\u00fcrgermeistergeh\u00e4lter im Gange sei. Es w\u00fcrden F\u00fcnf-Parteien-Gespr\u00e4che \u00fcber die \u00c4nderung des Gemeinderatsgesetzes gef\u00fchrt, das eine \u00dcberpr\u00fcfung der Geh\u00e4lter f\u00fcr B\u00fcrgermeister von St\u00e4dten mit weniger als 1.500 Einwohnern erm\u00f6glichen w\u00fcrde, sagte er.<\/p>\n<p>&nbsp;<\/p>\n<p><em>Foto: MTI<\/em><\/p>\n","protected":false},"excerpt":{"rendered":"<p>Budapest, 1. Dezember (MTI) (Das ungarische Verfassungsgericht hat entschieden, dass Ungarn sich bei seinem Beitritt zur Europ\u00e4ischen Union verpflichtet hat, in bestimmten Bereichen EU-Gesetze zu praktizieren, gleichzeitig aber Br\u00fcssel die Souver\u00e4nit\u00e4t des Landes nicht verletzen und seine verfassungsm\u00e4\u00dfige Identit\u00e4t nicht sch\u00e4digen darf, sagte Regierungsstellenchef J\u00e1nos L\u00e1z\u00e1r am Donnerstag im Zusammenhang mit der Migrationspolitik. L\u00e1z\u00e1r sagte [&hellip;]<\/p>\n","protected":false},"author":2,"featured_media":753001,"comment_status":"open","ping_status":"open","sticky":false,"template":"","format":"standard","meta":{"_acf_changed":false,"_display_image":"","footnotes":""},"categories":[1081],"tags":[1082],"class_list":["post-753000","post","type-post","status-publish","format-standard","has-post-thumbnail","hentry","category-politik","tag-europaische-union"],"blocksy_meta":[],"acf":[],"author_username":"alk","telegram_post":"","public_post_metadata":{"breaking_news":"","important":"","csempe":"","center_tile":"","disable_thumbnail":"","target_lang":"","_featured_image_style":"","telegram_post":"","_xlat_group_id":""},"public_rank_math_data":{"title":"%title% %sep% %sitename%","description":"","focus_keyword":"Regierung","canonical_url":"","robots":"","primary_category":"1081","breadcrumb_title":"","facebook_title":"","facebook_description":"","facebook_image":"","facebook_image_id":"","twitter_title":"","twitter_description":"","twitter_image":"","twitter_image_id":"","twitter_card_type":"","twitter_use_facebook":"","advanced_robots":"","pillar_content":"","seo_score":"62","contentai_score":"","rich_snippet":""},"_links":{"self":[{"href":"https:\/\/dailynewshungary.com\/de\/wp-json\/wp\/v2\/posts\/753000","targetHints":{"allow":["GET"]}}],"collection":[{"href":"https:\/\/dailynewshungary.com\/de\/wp-json\/wp\/v2\/posts"}],"about":[{"href":"https:\/\/dailynewshungary.com\/de\/wp-json\/wp\/v2\/types\/post"}],"author":[{"embeddable":true,"href":"https:\/\/dailynewshungary.com\/de\/wp-json\/wp\/v2\/users\/2"}],"replies":[{"embeddable":true,"href":"https:\/\/dailynewshungary.com\/de\/wp-json\/wp\/v2\/comments?post=753000"}],"version-history":[{"count":0,"href":"https:\/\/dailynewshungary.com\/de\/wp-json\/wp\/v2\/posts\/753000\/revisions"}],"wp:featuredmedia":[{"embeddable":true,"href":"https:\/\/dailynewshungary.com\/de\/wp-json\/wp\/v2\/media\/753001"}],"wp:attachment":[{"href":"https:\/\/dailynewshungary.com\/de\/wp-json\/wp\/v2\/media?parent=753000"}],"wp:term":[{"taxonomy":"category","embeddable":true,"href":"https:\/\/dailynewshungary.com\/de\/wp-json\/wp\/v2\/categories?post=753000"},{"taxonomy":"post_tag","embeddable":true,"href":"https:\/\/dailynewshungary.com\/de\/wp-json\/wp\/v2\/tags?post=753000"}],"curies":[{"name":"wp","href":"https:\/\/api.w.org\/{rel}","templated":true}]}}