{"id":753194,"date":"2016-11-25T09:55:03","date_gmt":"2016-11-25T08:55:03","guid":{"rendered":"https:\/\/dailynewshungary.com\/de\/ungarn-sucht-gesprache-mit-osterreich-uber-das-paks-projekt\/"},"modified":"2016-11-25T09:55:03","modified_gmt":"2016-11-25T08:55:03","slug":"ungarn-sucht-gesprache-mit-osterreich-uber-das-paks-projekt","status":"publish","type":"post","link":"https:\/\/dailynewshungary.com\/de\/ungarn-sucht-gesprache-mit-osterreich-uber-das-paks-projekt\/","title":{"rendered":"Ungarn sucht Gespr\u00e4che mit \u00d6sterreich \u00fcber das Paks-Projekt"},"content":{"rendered":"<p><strong>Budapest (MTI) \u201eEine Klage vor dem Europ\u00e4ischen Gerichtshof, die \u00d6sterreich wegen der Modernisierung des Kernkraftwerks Paks durch Ungarn eingeleitet hat, d\u00fcrfte das Projekt nicht verz\u00f6gern, sagte Regierungsamtsleiter J\u00e1nos L\u00e1z\u00e1r am Donnerstag in einer Pressekonferenz.<\/strong><\/p>\n<p>Ungarn akzeptiere die Entscheidung \u00d6sterreichs, sich wegen des Paks-Projekts an das Gericht zu wenden, w\u00fcrde die Angelegenheit jedoch lieber \u00fcber einen gemeinsamen Verhandlungsmechanismus behandeln, sagte er und f\u00fcgte hinzu, dass die Regierung bereit sei, bilaterale Gespr\u00e4che mit \u00d6sterreich zu f\u00fchren und einen Weg zu finden, dies zu erm\u00f6glichen Es habe Zugriff auf alle Daten und Informationen im Zusammenhang mit dem Bau und der Kapazit\u00e4tswartung von Paks 2, sagte L\u00e1z\u00e1r.<\/p>\n<p>L\u00e1z\u00e1r zeigte sich optimistisch, dass die Zusammenarbeit zwischen der ungarischen und der \u00f6sterreichischen Regierung \u201cgut\u201d seiDie ungarische Regierung respektiere den von \u00d6sterreichs politischen Parteien gebildeten Konsens in Bezug auf die Kernenergie, sagte er.<\/p>\n<p>L\u00e1z\u00e1r stellte fest, dass die Europ\u00e4ische Union k\u00fcrzlich ein Vertragsverletzungsverfahren gegen Ungarn bez\u00fcglich des Paks-Projekts eingestellt habe. Ein weiteres Verfahren zur staatlichen Finanzierung k\u00f6nne ebenfalls im Dezember abgeschlossen werden, sagte er. Der tats\u00e4chliche Bau der f\u00fcr Paks geplanten neuen Bl\u00f6cke k\u00f6nne 2017-2018 beginnen, sagte L\u00e1z\u00e1r.<\/p>\n<p>Bez\u00fcglich Ungarns Deal mit Russland zur Finanzierung des Paks-Upgrades sagte L\u00e1z\u00e1r, Russland habe das beste Angebot abgegeben. Er f\u00fcgte jedoch hinzu, dass Ungarn auf einer M\u00f6glichkeit einer vorzeitigen R\u00fcckzahlung bestehe und dass die f\u00fcr das russische Darlehen gezahlten Zinsen in regelm\u00e4\u00dfigen Abst\u00e4nden \u00fcberpr\u00fcft werden sollten.<\/p>\n<p>\u201cWir m\u00fcssen die Wettbewerbsf\u00e4higkeit des russischen Kredits \u00fcberwachen,\u201d sagte erIn Anbetracht der j\u00fcngsten Aufwertung Ungarns durch Ratingagenturen muss die Regierung bewerten, \u201cwie die Zinsen f\u00fcr den russischen Kredit mit ver\u00e4nderten Marktbedingungen zusammenh\u00e4ngen\u201d, sagte L\u00e1z\u00e1r \u201cWir werden \u00fcberlegen, ob der Kredit noch wettbewerbsf\u00e4hig w\u00e4re, wenn wir ihn jetzt aufnehmen w\u00fcrden\u201d, f\u00fcgte er hinzu.<\/p>\n<p><em>Foto: napravalo.hu<\/em><\/p>\n","protected":false},"excerpt":{"rendered":"<p>Budapest (MTI) \u201eEine Klage vor dem Europ\u00e4ischen Gerichtshof, die \u00d6sterreich wegen der Modernisierung des Kernkraftwerks Paks durch Ungarn eingeleitet hat, d\u00fcrfte das Projekt nicht verz\u00f6gern, sagte Regierungsamtsleiter J\u00e1nos L\u00e1z\u00e1r am Donnerstag in einer Pressekonferenz. Ungarn akzeptiere die Entscheidung \u00d6sterreichs, sich wegen des Paks-Projekts an das Gericht zu wenden, w\u00fcrde die Angelegenheit jedoch lieber \u00fcber einen [&hellip;]<\/p>\n","protected":false},"author":2,"featured_media":753195,"comment_status":"open","ping_status":"open","sticky":false,"template":"","format":"standard","meta":{"_acf_changed":false,"_display_image":"","footnotes":""},"categories":[1281],"tags":[1082,1326,1129,1474,1209],"class_list":["post-753194","post","type-post","status-publish","format-standard","has-post-thumbnail","hentry","category-geschaft","tag-europaische-union","tag-gericht","tag-osterreich","tag-pak-projekt","tag-russland"],"blocksy_meta":[],"acf":[],"author_username":"alk","telegram_post":"","public_post_metadata":{"breaking_news":"","important":"","csempe":"","center_tile":"","disable_thumbnail":"","target_lang":"","_featured_image_style":"","telegram_post":"","_xlat_group_id":""},"public_rank_math_data":{"title":"%title% %sep% %sitename%","description":"","focus_keyword":"Paks","canonical_url":"","robots":"","primary_category":"1281","breadcrumb_title":"","facebook_title":"","facebook_description":"","facebook_image":"","facebook_image_id":"","twitter_title":"","twitter_description":"","twitter_image":"","twitter_image_id":"","twitter_card_type":"","twitter_use_facebook":"","advanced_robots":"","pillar_content":"","seo_score":"59","contentai_score":"","rich_snippet":""},"_links":{"self":[{"href":"https:\/\/dailynewshungary.com\/de\/wp-json\/wp\/v2\/posts\/753194","targetHints":{"allow":["GET"]}}],"collection":[{"href":"https:\/\/dailynewshungary.com\/de\/wp-json\/wp\/v2\/posts"}],"about":[{"href":"https:\/\/dailynewshungary.com\/de\/wp-json\/wp\/v2\/types\/post"}],"author":[{"embeddable":true,"href":"https:\/\/dailynewshungary.com\/de\/wp-json\/wp\/v2\/users\/2"}],"replies":[{"embeddable":true,"href":"https:\/\/dailynewshungary.com\/de\/wp-json\/wp\/v2\/comments?post=753194"}],"version-history":[{"count":0,"href":"https:\/\/dailynewshungary.com\/de\/wp-json\/wp\/v2\/posts\/753194\/revisions"}],"wp:featuredmedia":[{"embeddable":true,"href":"https:\/\/dailynewshungary.com\/de\/wp-json\/wp\/v2\/media\/753195"}],"wp:attachment":[{"href":"https:\/\/dailynewshungary.com\/de\/wp-json\/wp\/v2\/media?parent=753194"}],"wp:term":[{"taxonomy":"category","embeddable":true,"href":"https:\/\/dailynewshungary.com\/de\/wp-json\/wp\/v2\/categories?post=753194"},{"taxonomy":"post_tag","embeddable":true,"href":"https:\/\/dailynewshungary.com\/de\/wp-json\/wp\/v2\/tags?post=753194"}],"curies":[{"name":"wp","href":"https:\/\/api.w.org\/{rel}","templated":true}]}}