{"id":753201,"date":"2016-11-24T21:40:20","date_gmt":"2016-11-24T20:40:20","guid":{"rendered":"https:\/\/dailynewshungary.com\/de\/orban-fuhrte-gesprache-mit-dem-ukrainischen-premierminister\/"},"modified":"2016-11-24T21:40:20","modified_gmt":"2016-11-24T20:40:20","slug":"orban-fuhrte-gesprache-mit-dem-ukrainischen-premierminister","status":"publish","type":"post","link":"https:\/\/dailynewshungary.com\/de\/orban-fuhrte-gesprache-mit-dem-ukrainischen-premierminister\/","title":{"rendered":"Orb\u00e1n f\u00fchrte Gespr\u00e4che mit dem ukrainischen Premierminister"},"content":{"rendered":"<p><strong>Budapest, 24. November (MTI) \u201eUngarn unterst\u00fctzt das Streben der Ukraine, Mitglied der Europ\u00e4ischen Union zu werden, sagte Premierminister Viktor Orb\u00e1n am Donnerstag.<\/strong><\/p>\n<p>Auf einer gemeinsamen Pressekonferenz, die nach einem Treffen mit seinem ukrainischen Amtskollegen Wolodymyr Groysman stattfand, sagte Orb\u00e1n au\u00dferdem, es sei eine \u201cmoralische Pflicht\u201d der EU, der Ukraine den visumfreien Status zu gew\u00e4hren.<\/p>\n<p>Doch angesichts der Tatsache, dass eine Entscheidung dar\u00fcber in der EU \u201cblockiert\u201d wird, hat Ungarn beschlossen, ukrainischen Staatsb\u00fcrgern kostenlos nationale Visa auszustellen, sagte Orb\u00e1nOrb\u00e1n bat Groysman, die M\u00f6glichkeit zu pr\u00fcfen, die Geste gegen\u00fcber den in der Ukraine arbeitenden Ungarn zu erwidern.<\/p>\n<p style=\"text-align: center;\">&nbsp;<iframe loading=\"lazy\" style=\"border: none; overflow: hidden;\" src=\"https:\/\/www.facebook.com\/plugins\/post.php?href=https%3A%2F%2Fwww.facebook.com%2Fdailynewshungary%2Fposts%2F1160673197301583&amp;width=500\" width=\"500\" height=\"525\" frameborder=\"0\" scrolling=\"no\"><\/iframe><\/p>\n<p>Er sagte, die Visegrad-Four-Gruppe aus Ungarn, der Tschechischen Republik, Polen und der Slowakei werde als Vertreter der Ukraine in der EU zu den Themen Visaliberalisierung und Freihandelsabkommen zwischen der EU und der Ukraine fungieren.<\/p>\n<p><a href=\"https:\/\/dailynewshungary.com\/wp-content\/uploads\/2016\/11\/D__YT20161124002.jpg\" data-pswp-width=\"\" data-pswp-height=\"\" data-cropped=\"true\"><img loading=\"lazy\" decoding=\"async\" class=\"aligncenter size-large wp-image-93440\" src=\"https:\/\/dailynewshungary.com\/wp-content\/uploads\/2016\/11\/D__YT20161124002-1024x571.jpg\" alt=\"Orb\u00e1n Viktor; Ukraine\" width=\"1024\" height=\"571\" srcset=\"https:\/\/contentf5.dailynewshungary.com\/wp-content\/uploads\/2016\/11\/D__YT20161124002-1024x571.jpg 1024w, https:\/\/contentf5.dailynewshungary.com\/wp-content\/uploads\/2016\/11\/D__YT20161124002-300x167.jpg 300w, https:\/\/contentf5.dailynewshungary.com\/wp-content\/uploads\/2016\/11\/D__YT20161124002-768x428.jpg 768w, https:\/\/contentf5.dailynewshungary.com\/wp-content\/uploads\/2016\/11\/D__YT20161124002-220x123.jpg 220w, https:\/\/contentf5.dailynewshungary.com\/wp-content\/uploads\/2016\/11\/D__YT20161124002-610x340.jpg 610w, https:\/\/contentf5.dailynewshungary.com\/wp-content\/uploads\/2016\/11\/D__YT20161124002-1080x602.jpg 1080w\" sizes=\"auto, (max-width: 1024px) 100vw, 1024px\"><\/a><\/p>\n<p>Orb\u00e1n sagte auch, dass Ungarn bereit sei, der Ukraine bei der St\u00e4rkung ihrer Souver\u00e4nit\u00e4t zu helfen, was Ungarn seiner Meinung nach \u201edie wichtigste Angelegenheit\u201cbetrachtet.<\/p>\n<p>Er k\u00fcndigte an, dass Ungarn und die Ukraine eine Vereinbarung \u00fcber ein Infrastrukturentwicklungsprogramm unterzeichnet h\u00e4tten, f\u00fcr das Ungarn der Ukraine 50 Millionen Euro an Krediten zur Verf\u00fcgung stellen werde. Ungarn werde der Ukraine im Jahr 2016 weitere 2 Milliarden Forint und im Jahr 2017 5,2 Milliarden Forint f\u00fcr wirtschaftliche Entwicklungsprojekte zur Verf\u00fcgung stellen, sagte er.<\/p>\n<p>Orb\u00e1n sagte, der bilaterale Handel sei in den letzten zwei Jahren um 33 Prozent zur\u00fcckgegangen, was er auf die gegen Russland verh\u00e4ngten Wirtschaftssanktionen zur\u00fcckf\u00fchrte. Er wies jedoch darauf hin, dass das Handelsvolumen in den ersten acht Monaten des Jahres 2016 um 11 Prozent gestiegen sei, was seiner Meinung nach ein Zeichen daf\u00fcr sei, dass der Handel zwischen den beiden L\u00e4ndern auf dem Weg der Erholung sei.<\/p>\n<p>Er sagte, Ungarn sei bereit, weitere verletzte ukrainische Soldaten zu behandeln.<\/p>\n<p>Orb\u00e1n und Groysman waren sich einig, dass ukrainische und ungarische Minderheiten als Verm\u00f6genswerte f\u00fcr ihre jeweiligen L\u00e4nder betrachtet werden sollten. Orb\u00e1n sagte, beide L\u00e4nder seien entschlossen, die Identit\u00e4t ihrer Minderheitengemeinschaften zu st\u00e4rken.<\/p>\n<p><a href=\"https:\/\/dailynewshungary.com\/wp-content\/uploads\/2016\/11\/D__YT20161124006.jpg\" data-pswp-width=\"\" data-pswp-height=\"\" data-cropped=\"true\"><img loading=\"lazy\" decoding=\"async\" class=\"aligncenter size-large wp-image-93438\" src=\"https:\/\/dailynewshungary.com\/wp-content\/uploads\/2016\/11\/D__YT20161124006-1024x613.jpg\" alt=\"Orb\u00e1n Viktor; HROJSZMAN, Volodimir\" width=\"1024\" height=\"613\" srcset=\"https:\/\/contentf5.dailynewshungary.com\/wp-content\/uploads\/2016\/11\/D__YT20161124006-1024x613.jpg 1024w, https:\/\/contentf5.dailynewshungary.com\/wp-content\/uploads\/2016\/11\/D__YT20161124006-300x180.jpg 300w, https:\/\/contentf5.dailynewshungary.com\/wp-content\/uploads\/2016\/11\/D__YT20161124006-768x460.jpg 768w, https:\/\/contentf5.dailynewshungary.com\/wp-content\/uploads\/2016\/11\/D__YT20161124006-220x132.jpg 220w, https:\/\/contentf5.dailynewshungary.com\/wp-content\/uploads\/2016\/11\/D__YT20161124006-610x365.jpg 610w, https:\/\/contentf5.dailynewshungary.com\/wp-content\/uploads\/2016\/11\/D__YT20161124006-1080x646.jpg 1080w, https:\/\/contentf5.dailynewshungary.com\/wp-content\/uploads\/2016\/11\/D__YT20161124006-1280x768.jpg 1280w, https:\/\/contentf5.dailynewshungary.com\/wp-content\/uploads\/2016\/11\/D__YT20161124006-627x376.jpg 627w, https:\/\/contentf5.dailynewshungary.com\/wp-content\/uploads\/2016\/11\/D__YT20161124006-440x264.jpg 440w\" sizes=\"auto, (max-width: 1024px) 100vw, 1024px\"><\/a><\/p>\n<p>Groysman betonte die Notwendigkeit, die bilateralen Wirtschaftsbeziehungen zu st\u00e4rken, und sagte, die ukrainische Regierung werde alles tun, um sicherzustellen, dass ungarische Unternehmen in der Ukraine erfolgreich seien. Er sagte, die Ukraine sei mitten in der Durchf\u00fchrung wichtiger innerstaatlicher Reformen, deren Auswirkungen bereits sichtbar seien.<\/p>\n<p>Er dankte Ungarn f\u00fcr die Unterst\u00fctzung der Wahrung der territorialen Integrit\u00e4t der Ukraine, ihrer Befreiung von der EU-Visumgenehmigung und der EU-Mitgliedschaftsbestrebungen.<\/p>\n<p><em>Foto: MTI<\/em><\/p>\n","protected":false},"excerpt":{"rendered":"<p>Budapest, 24. November (MTI) \u201eUngarn unterst\u00fctzt das Streben der Ukraine, Mitglied der Europ\u00e4ischen Union zu werden, sagte Premierminister Viktor Orb\u00e1n am Donnerstag. Auf einer gemeinsamen Pressekonferenz, die nach einem Treffen mit seinem ukrainischen Amtskollegen Wolodymyr Groysman stattfand, sagte Orb\u00e1n au\u00dferdem, es sei eine \u201cmoralische Pflicht\u201d der EU, der Ukraine den visumfreien Status zu gew\u00e4hren. Doch [&hellip;]<\/p>\n","protected":false},"author":2,"featured_media":753202,"comment_status":"open","ping_status":"open","sticky":false,"template":"","format":"standard","meta":{"_acf_changed":false,"_display_image":"","footnotes":""},"categories":[1081],"tags":[1560,1082,1428,1092,1128],"class_list":["post-753201","post","type-post","status-publish","format-standard","has-post-thumbnail","hentry","category-politik","tag-ethnische","tag-europaische-union","tag-transkarpatien","tag-ukraine","tag-viktor-orban"],"blocksy_meta":[],"acf":[],"author_username":"alk","telegram_post":"","public_post_metadata":{"breaking_news":"","important":"","csempe":"","center_tile":"","disable_thumbnail":"","target_lang":"","_featured_image_style":"","telegram_post":"","_xlat_group_id":""},"public_rank_math_data":{"title":"%title% %sep% %sitename%","description":"","focus_keyword":"Ukraine","canonical_url":"","robots":"","primary_category":"1081","breadcrumb_title":"","facebook_title":"","facebook_description":"","facebook_image":"","facebook_image_id":"","twitter_title":"","twitter_description":"","twitter_image":"","twitter_image_id":"","twitter_card_type":"","twitter_use_facebook":"","advanced_robots":"","pillar_content":"","seo_score":"23","contentai_score":"","rich_snippet":""},"_links":{"self":[{"href":"https:\/\/dailynewshungary.com\/de\/wp-json\/wp\/v2\/posts\/753201","targetHints":{"allow":["GET"]}}],"collection":[{"href":"https:\/\/dailynewshungary.com\/de\/wp-json\/wp\/v2\/posts"}],"about":[{"href":"https:\/\/dailynewshungary.com\/de\/wp-json\/wp\/v2\/types\/post"}],"author":[{"embeddable":true,"href":"https:\/\/dailynewshungary.com\/de\/wp-json\/wp\/v2\/users\/2"}],"replies":[{"embeddable":true,"href":"https:\/\/dailynewshungary.com\/de\/wp-json\/wp\/v2\/comments?post=753201"}],"version-history":[{"count":0,"href":"https:\/\/dailynewshungary.com\/de\/wp-json\/wp\/v2\/posts\/753201\/revisions"}],"wp:featuredmedia":[{"embeddable":true,"href":"https:\/\/dailynewshungary.com\/de\/wp-json\/wp\/v2\/media\/753202"}],"wp:attachment":[{"href":"https:\/\/dailynewshungary.com\/de\/wp-json\/wp\/v2\/media?parent=753201"}],"wp:term":[{"taxonomy":"category","embeddable":true,"href":"https:\/\/dailynewshungary.com\/de\/wp-json\/wp\/v2\/categories?post=753201"},{"taxonomy":"post_tag","embeddable":true,"href":"https:\/\/dailynewshungary.com\/de\/wp-json\/wp\/v2\/tags?post=753201"}],"curies":[{"name":"wp","href":"https:\/\/api.w.org\/{rel}","templated":true}]}}