{"id":753283,"date":"2016-11-21T21:30:36","date_gmt":"2016-11-21T20:30:36","guid":{"rendered":"https:\/\/dailynewshungary.com\/de\/die-zukunft-liege-in-mitteleuropa-sagt-orban-dem-wirtschaftsforum-ungarn-serbien\/"},"modified":"2016-11-21T21:30:36","modified_gmt":"2016-11-21T20:30:36","slug":"die-zukunft-liege-in-mitteleuropa-sagt-orban-dem-wirtschaftsforum-ungarn-serbien","status":"publish","type":"post","link":"https:\/\/dailynewshungary.com\/de\/die-zukunft-liege-in-mitteleuropa-sagt-orban-dem-wirtschaftsforum-ungarn-serbien\/","title":{"rendered":"Die Zukunft liege in Mitteleuropa, sagt Orb\u00e1n dem Wirtschaftsforum Ungarn-Serbien"},"content":{"rendered":"<p><strong>Ni\u0161, 21. November (MTI) \u2013 Die Zukunft und die Gesch\u00e4ftsm\u00f6glichkeiten geh\u00f6ren Mitteleuropa, sagte Premierminister Viktor Orb\u00e1n am Montag auf einem ungarisch-serbischen Wirtschaftsforum in Ni\u0161 in S\u00fcdserbien.<\/strong><\/p>\n<p>Mitteleuropa und die Visegrad-Gruppe werden \u201cin den kommenden Jahren gro\u00dfe Erfolgsgeschichten sein, weil hier gro\u00dfe wirtschaftliche Chancen bestehen\u201d, sagte er und f\u00fcgte hinzu, dass Serbien an ihren wirtschaftlichen Erfolgen teilhaben kann.<\/p>\n<p>Die politischen Beziehungen zwischen Ungarn und Serbien seien noch nie so gut gewesen wie jetzt, und Serbien habe in den letzten zwei bis drei Jahren Erfolge bei der Finanzkonsolidierung erzielt, sagte Orb\u00e1n. Serbiens Finanzen seien in Ordnung, die Wirtschaft sei stabil und es gebe Wachstumschancen, f\u00fcgte er hinzu.<\/p>\n<p>Ausgehend von einem Tiefpunkt im Jahr 2010 habe Ungarn inzwischen die wirtschaftlichen Instrumente angesammelt, um das Wirtschaftswachstum auf nahezu 5 Prozent zu bringen, sagte Orb\u00e1n.<\/p>\n<blockquote>\n<p>\u201cEs w\u00fcrde Ihnen schwer fallen, eine Zeit zu finden, die zur\u00fcckreicht, in der die Beziehungen so ausgewogen, stark und freundlich waren wie jetzt\u201d, sagte er \u201cDas ist der harten Arbeit vieler Menschen zu verdanken, darunter auch dem serbischen Premierminister und seiner Regierung\u201d, f\u00fcgte er hinzu.<\/p>\n<\/blockquote>\n<p>Serbien wurde aus ungarischer Sicht immer als Chance gesehen und er ermutigte ungarische Gesch\u00e4ftsleute, \u201eSerbien wieder auf die Landkarte zu bringen\u201cnicht nur in der Vojvodina und Belgrad, sondern im ganzen Land\u201d.<\/p>\n<p>Orb\u00e1n sagte, Ungarn unterst\u00fctze Serbiens Wunsch, der Europ\u00e4ischen Union beizutreten, und setzt Instrumente zur wirtschaftlichen Entwicklung ein, um die Zusammenarbeit voranzutreiben, darunter einen 61-Millionen-Euro-Fonds und eine Kreditlinie, die an der Zusammenarbeit beteiligten Unternehmen zur Verf\u00fcgung stehen. Sobald diese Kreditlinie aufgebraucht ist, k\u00f6nnen die Ressourcen deutlich aufgestockt werden, f\u00fcgte er hinzu.<\/p>\n<p>Er sagte serbischen Gesch\u00e4ftsleuten, dass serbisches Kapital in Ungarn willkommen sei, weil es die langfristigen und ausgewogenen bilateralen Beziehungen st\u00e4rken w\u00fcrde. Derzeit gebe es kein Flaggschiffprojekt, bis mit dem Bau der Eisenbahnverbindung Budapest-Belgrad begonnen werde, f\u00fcgte er hinzu.<\/p>\n<p>Der serbische Premierminister Aleksandar Vucic sagte, Serbien plane, die L\u00fccke zu Ungarn und \u00e4hnlichen L\u00e4ndern zu schlie\u00dfen. Er sagte, die Anziehung von Investitionen geh\u00f6re zu den wichtigsten Zielen Serbiens und f\u00fcgte hinzu, dass billige qualifizierte Arbeitskr\u00e4fte einer der gr\u00f6\u00dften Anziehungspunkte des Landes seien. Vucic ermutigte serbische Unternehmen, in den ungarischen Markt einzutreten, und erkl\u00e4rte, dass dies die bilateralen Beziehungen und das Vertrauen zwischen den beiden L\u00e4ndern st\u00e4rken w\u00fcrde.<\/p>\n<p><em>Foto: MTI<\/em><\/p>\n","protected":false},"excerpt":{"rendered":"<p>Ni\u0161, 21. November (MTI) \u2013 Die Zukunft und die Gesch\u00e4ftsm\u00f6glichkeiten geh\u00f6ren Mitteleuropa, sagte Premierminister Viktor Orb\u00e1n am Montag auf einem ungarisch-serbischen Wirtschaftsforum in Ni\u0161 in S\u00fcdserbien. Mitteleuropa und die Visegrad-Gruppe werden \u201cin den kommenden Jahren gro\u00dfe Erfolgsgeschichten sein, weil hier gro\u00dfe wirtschaftliche Chancen bestehen\u201d, sagte er und f\u00fcgte hinzu, dass Serbien an ihren wirtschaftlichen Erfolgen [&hellip;]<\/p>\n","protected":false},"author":2,"featured_media":753284,"comment_status":"open","ping_status":"open","sticky":false,"template":"","format":"standard","meta":{"_acf_changed":false,"_display_image":"","footnotes":""},"categories":[1281],"tags":[1128,1104],"class_list":["post-753283","post","type-post","status-publish","format-standard","has-post-thumbnail","hentry","category-geschaft","tag-viktor-orban","tag-wirtschaft"],"blocksy_meta":[],"acf":[],"author_username":"alk","telegram_post":"","public_post_metadata":{"breaking_news":"","important":"","csempe":"","center_tile":"","disable_thumbnail":"","target_lang":"","_featured_image_style":"","telegram_post":"","_xlat_group_id":""},"public_rank_math_data":{"title":"%title% %sep% %sitename%","description":"","focus_keyword":"Serbien Ungarn","canonical_url":"","robots":"","primary_category":"1281","breadcrumb_title":"","facebook_title":"","facebook_description":"","facebook_image":"","facebook_image_id":"","twitter_title":"","twitter_description":"","twitter_image":"","twitter_image_id":"","twitter_card_type":"","twitter_use_facebook":"","advanced_robots":"","pillar_content":"","seo_score":"3","contentai_score":"","rich_snippet":""},"_links":{"self":[{"href":"https:\/\/dailynewshungary.com\/de\/wp-json\/wp\/v2\/posts\/753283","targetHints":{"allow":["GET"]}}],"collection":[{"href":"https:\/\/dailynewshungary.com\/de\/wp-json\/wp\/v2\/posts"}],"about":[{"href":"https:\/\/dailynewshungary.com\/de\/wp-json\/wp\/v2\/types\/post"}],"author":[{"embeddable":true,"href":"https:\/\/dailynewshungary.com\/de\/wp-json\/wp\/v2\/users\/2"}],"replies":[{"embeddable":true,"href":"https:\/\/dailynewshungary.com\/de\/wp-json\/wp\/v2\/comments?post=753283"}],"version-history":[{"count":0,"href":"https:\/\/dailynewshungary.com\/de\/wp-json\/wp\/v2\/posts\/753283\/revisions"}],"wp:featuredmedia":[{"embeddable":true,"href":"https:\/\/dailynewshungary.com\/de\/wp-json\/wp\/v2\/media\/753284"}],"wp:attachment":[{"href":"https:\/\/dailynewshungary.com\/de\/wp-json\/wp\/v2\/media?parent=753283"}],"wp:term":[{"taxonomy":"category","embeddable":true,"href":"https:\/\/dailynewshungary.com\/de\/wp-json\/wp\/v2\/categories?post=753283"},{"taxonomy":"post_tag","embeddable":true,"href":"https:\/\/dailynewshungary.com\/de\/wp-json\/wp\/v2\/tags?post=753283"}],"curies":[{"name":"wp","href":"https:\/\/api.w.org\/{rel}","templated":true}]}}