{"id":753308,"date":"2016-11-21T08:00:14","date_gmt":"2016-11-21T07:00:14","guid":{"rendered":"https:\/\/dailynewshungary.com\/de\/ungarn-serbien-knupft-nie-besser-sagt-ausenminister-vor-gemeinsamer-kabinettssitzung\/"},"modified":"2016-11-21T08:00:14","modified_gmt":"2016-11-21T07:00:14","slug":"ungarn-serbien-knupft-nie-besser-sagt-ausenminister-vor-gemeinsamer-kabinettssitzung","status":"publish","type":"post","link":"https:\/\/dailynewshungary.com\/de\/ungarn-serbien-knupft-nie-besser-sagt-ausenminister-vor-gemeinsamer-kabinettssitzung\/","title":{"rendered":"Ungarn-Serbien kn\u00fcpft \u201cnie besser\u201d, sagt Au\u00dfenminister vor gemeinsamer Kabinettssitzung"},"content":{"rendered":"<p><strong>Budapest (MTI) \u201cDie handelspolitischen, kulturellen und politischen Beziehungen zwischen Ungarn und Serbien waren noch nie besser\u201d, sagte Au\u00dfenminister P\u00e9ter Szijj\u00e1rt\u00f3 vor einer gemeinsamen Kabinettssitzung der Regierungen beider L\u00e4nder am Sonntag.<\/strong><\/p>\n<p>Beide Regierungen und beide Premierminister h\u00e4tten viel getan, um ein fr\u00fcheres angespanntes Verh\u00e4ltnis durch ein Verh\u00e4ltnis der Zusammenarbeit zu ersetzen, sagte Szijj\u00e1rt\u00f3 in Ni\u0161 im S\u00fcden Serbiens.<\/p>\n<p>Ungarn setze sich f\u00fcr die Expansion der Europ\u00e4ischen Union im Westbalkan ein, sagte er.<\/p>\n<p>\u201cWir verstehen nicht, warum der Pr\u00e4sident der Europ\u00e4ischen Kommission k\u00fcrzlich sagte, dass es in den kommenden f\u00fcnf Jahren keine Erweiterung geben wird\u201d, sagte er \u201cWir wollen in den kommenden f\u00fcnf Jahren eine Erweiterung der EU sehen, und Serbien hat die besten Chancen, am schnellsten EU-Mitglied zu werden\u201d, f\u00fcgte er hinzu.<\/p>\n<p>Szijj\u00e1rt\u00f3 stellte fest, dass die ungarische Regierung 20 Milliarden Forint (64 Mio. EUR) an Zuschussgeldern und 30 Milliarden Forint an Vorzugskrediten f\u00fcr wirtschaftliche Entwicklungen in der serbischen Vojvodina-Region bereitgestellt hat, in der eine gro\u00dfe Zahl ethnischer Ungarn lebt.<\/p>\n<p>Der serbische Au\u00dfenminister Ivica Dacic sagte der lokalen Crew von Pannon RTV vor der gemeinsamen Kabinettssitzung, dass die wirtschaftlichen und politischen Beziehungen zwischen Serbien und Ungarn au\u00dferordentlich gut seien. Er brachte auch seine Wertsch\u00e4tzung f\u00fcr unterst\u00fctzende Bemerkungen des ungarischen Premierministers und Au\u00dfenministers in internationalen Foren zum Ausdruck \u201cF\u00fcr uns ist das enormes politisches Kapital\u201d, sagte er.<\/p>\n<p>Neben der wirtschaftlichen Zusammenarbeit k\u00f6nnen Serbien und Ungarn in den Bereichen Bildung, Kultur, Infrastruktur und Energie zusammenarbeiten, sagte Dacic.<\/p>\n<p><em>Foto: MTI<\/em><\/p>\n","protected":false},"excerpt":{"rendered":"<p>Budapest (MTI) \u201cDie handelspolitischen, kulturellen und politischen Beziehungen zwischen Ungarn und Serbien waren noch nie besser\u201d, sagte Au\u00dfenminister P\u00e9ter Szijj\u00e1rt\u00f3 vor einer gemeinsamen Kabinettssitzung der Regierungen beider L\u00e4nder am Sonntag. Beide Regierungen und beide Premierminister h\u00e4tten viel getan, um ein fr\u00fcheres angespanntes Verh\u00e4ltnis durch ein Verh\u00e4ltnis der Zusammenarbeit zu ersetzen, sagte Szijj\u00e1rt\u00f3 in Ni\u0161 im [&hellip;]<\/p>\n","protected":false},"author":7,"featured_media":753309,"comment_status":"open","ping_status":"open","sticky":false,"template":"","format":"standard","meta":{"_acf_changed":false,"_display_image":"","footnotes":""},"categories":[1081],"tags":[1243,1082,1484],"class_list":["post-753308","post","type-post","status-publish","format-standard","has-post-thumbnail","hentry","category-politik","tag-balkan","tag-europaische-union","tag-serbien"],"blocksy_meta":[],"acf":[],"author_username":"Szandi","telegram_post":"","public_post_metadata":{"breaking_news":"","important":"","csempe":"","center_tile":"","disable_thumbnail":"","target_lang":"","_featured_image_style":"","telegram_post":"","_xlat_group_id":""},"public_rank_math_data":{"title":"%title% %sep% %sitename%","description":"","focus_keyword":"Bindungen","canonical_url":"","robots":"","primary_category":"1081","breadcrumb_title":"","facebook_title":"","facebook_description":"","facebook_image":"","facebook_image_id":"","twitter_title":"","twitter_description":"","twitter_image":"","twitter_image_id":"","twitter_card_type":"","twitter_use_facebook":"","advanced_robots":"","pillar_content":"","seo_score":"54","contentai_score":"","rich_snippet":""},"_links":{"self":[{"href":"https:\/\/dailynewshungary.com\/de\/wp-json\/wp\/v2\/posts\/753308","targetHints":{"allow":["GET"]}}],"collection":[{"href":"https:\/\/dailynewshungary.com\/de\/wp-json\/wp\/v2\/posts"}],"about":[{"href":"https:\/\/dailynewshungary.com\/de\/wp-json\/wp\/v2\/types\/post"}],"author":[{"embeddable":true,"href":"https:\/\/dailynewshungary.com\/de\/wp-json\/wp\/v2\/users\/7"}],"replies":[{"embeddable":true,"href":"https:\/\/dailynewshungary.com\/de\/wp-json\/wp\/v2\/comments?post=753308"}],"version-history":[{"count":0,"href":"https:\/\/dailynewshungary.com\/de\/wp-json\/wp\/v2\/posts\/753308\/revisions"}],"wp:featuredmedia":[{"embeddable":true,"href":"https:\/\/dailynewshungary.com\/de\/wp-json\/wp\/v2\/media\/753309"}],"wp:attachment":[{"href":"https:\/\/dailynewshungary.com\/de\/wp-json\/wp\/v2\/media?parent=753308"}],"wp:term":[{"taxonomy":"category","embeddable":true,"href":"https:\/\/dailynewshungary.com\/de\/wp-json\/wp\/v2\/categories?post=753308"},{"taxonomy":"post_tag","embeddable":true,"href":"https:\/\/dailynewshungary.com\/de\/wp-json\/wp\/v2\/tags?post=753308"}],"curies":[{"name":"wp","href":"https:\/\/api.w.org\/{rel}","templated":true}]}}