{"id":753324,"date":"2016-11-20T12:30:19","date_gmt":"2016-11-20T11:30:19","guid":{"rendered":"https:\/\/dailynewshungary.com\/de\/der-direktor-des-ungarischen-ethnografischen-museums-lajos-kemecsi-stattet-agypten-einen-besuch-ab\/"},"modified":"2016-11-20T12:30:19","modified_gmt":"2016-11-20T11:30:19","slug":"der-direktor-des-ungarischen-ethnografischen-museums-lajos-kemecsi-stattet-agypten-einen-besuch-ab","status":"publish","type":"post","link":"https:\/\/dailynewshungary.com\/de\/der-direktor-des-ungarischen-ethnografischen-museums-lajos-kemecsi-stattet-agypten-einen-besuch-ab\/","title":{"rendered":"Der Direktor des Ungarischen Ethnografischen Museums, Lajos Kemecsi, stattet \u00c4gypten einen Besuch ab"},"content":{"rendered":"<p><strong>Am 17<sup>th<\/sup> Im November 2016 statteten der ungarische Kulturberater \u00c4gyptens, Ren\u00e1ta Kov\u00e1cs, und der Direktor des Ungarischen Ethnografischen Museums, Lajos Kemecsi, dem \u00c4gyptischen Landwirtschaftsmuseum einen Besuch ab.<\/strong><\/p>\n<p>Kov\u00e1cs und Kemecsi wurden vom Direktor des landwirtschaftlichen Erweiterungssektors im \u00e4gyptischen Landwirtschaftsministerium, Saeid Khalifa, begr\u00fc\u00dft; die Direktorin f\u00fcr ausw\u00e4rtige Angelegenheiten im \u00e4gyptischen Landwirtschaftsministerium, Dina El-Kheshen; und der Direktor des \u00c4gyptischen Landwirtschaftsmuseums, Fekry Kamal.<\/p>\n<p>Der Grund f\u00fcr diesen Besuch bestand darin, die Zusammenarbeit beider L\u00e4nder auf den Gebieten der Museums- und Agrarentwicklung zu erm\u00f6glichen.<\/p>\n<p>Dar\u00fcber hinaus strebt die \u00e4gyptische Seite in Zusammenarbeit mit ungarischen Experten die Einrichtung eines Gartens f\u00fcr seltene Pflanzen im \u00c4gyptischen Landwirtschaftsmuseum an.<\/p>\n<p>Es ist erw\u00e4hnenswert, dass die Zusammenarbeit zwischen beiden L\u00e4ndern in dieser Hinsicht historische Wurzeln hat, wenn man bedenkt, dass der erste Direktor des \u00c4gyptischen Landwirtschaftsmuseums Ungar war.<\/p>\n<p><em>Geschrieben von: Maydaa Abo El-Nadar<\/em><\/p>\n<p>Editor kopieren: bm<\/p>\n","protected":false},"excerpt":{"rendered":"<p>Am 17th Im November 2016 statteten der ungarische Kulturberater \u00c4gyptens, Ren\u00e1ta Kov\u00e1cs, und der Direktor des Ungarischen Ethnografischen Museums, Lajos Kemecsi, dem \u00c4gyptischen Landwirtschaftsmuseum einen Besuch ab. Kov\u00e1cs und Kemecsi wurden vom Direktor des landwirtschaftlichen Erweiterungssektors im \u00e4gyptischen Landwirtschaftsministerium, Saeid Khalifa, begr\u00fc\u00dft; die Direktorin f\u00fcr ausw\u00e4rtige Angelegenheiten im \u00e4gyptischen Landwirtschaftsministerium, Dina El-Kheshen; und der Direktor [&hellip;]<\/p>\n","protected":false},"author":7,"featured_media":753325,"comment_status":"open","ping_status":"open","sticky":false,"template":"","format":"standard","meta":{"_acf_changed":false,"_display_image":"","footnotes":""},"categories":[1151],"tags":[1475,1311],"class_list":["post-753324","post","type-post","status-publish","format-standard","has-post-thumbnail","hentry","category-kulturen","tag-landwirtschaft","tag-museum"],"blocksy_meta":[],"acf":[],"author_username":"Szandi","telegram_post":"","public_post_metadata":{"breaking_news":"","important":"","csempe":"","center_tile":"","disable_thumbnail":"","target_lang":"","_featured_image_style":"","telegram_post":"","_xlat_group_id":""},"public_rank_math_data":{"title":"%title% %sep% %sitename%","description":"","focus_keyword":"\u00c4gypten","canonical_url":"","robots":"","primary_category":"1151","breadcrumb_title":"","facebook_title":"","facebook_description":"","facebook_image":"","facebook_image_id":"","twitter_title":"","twitter_description":"","twitter_image":"","twitter_image_id":"","twitter_card_type":"","twitter_use_facebook":"","advanced_robots":"","pillar_content":"","seo_score":"50","contentai_score":"","rich_snippet":""},"_links":{"self":[{"href":"https:\/\/dailynewshungary.com\/de\/wp-json\/wp\/v2\/posts\/753324","targetHints":{"allow":["GET"]}}],"collection":[{"href":"https:\/\/dailynewshungary.com\/de\/wp-json\/wp\/v2\/posts"}],"about":[{"href":"https:\/\/dailynewshungary.com\/de\/wp-json\/wp\/v2\/types\/post"}],"author":[{"embeddable":true,"href":"https:\/\/dailynewshungary.com\/de\/wp-json\/wp\/v2\/users\/7"}],"replies":[{"embeddable":true,"href":"https:\/\/dailynewshungary.com\/de\/wp-json\/wp\/v2\/comments?post=753324"}],"version-history":[{"count":0,"href":"https:\/\/dailynewshungary.com\/de\/wp-json\/wp\/v2\/posts\/753324\/revisions"}],"wp:featuredmedia":[{"embeddable":true,"href":"https:\/\/dailynewshungary.com\/de\/wp-json\/wp\/v2\/media\/753325"}],"wp:attachment":[{"href":"https:\/\/dailynewshungary.com\/de\/wp-json\/wp\/v2\/media?parent=753324"}],"wp:term":[{"taxonomy":"category","embeddable":true,"href":"https:\/\/dailynewshungary.com\/de\/wp-json\/wp\/v2\/categories?post=753324"},{"taxonomy":"post_tag","embeddable":true,"href":"https:\/\/dailynewshungary.com\/de\/wp-json\/wp\/v2\/tags?post=753324"}],"curies":[{"name":"wp","href":"https:\/\/api.w.org\/{rel}","templated":true}]}}