{"id":753345,"date":"2016-11-19T11:00:22","date_gmt":"2016-11-19T10:00:22","guid":{"rendered":"https:\/\/dailynewshungary.com\/de\/szijjarto-ungarn-unterstutzt-albanien-nachdrucklich-bei-den-eu-integrationsbemuhungen\/"},"modified":"2016-11-19T11:00:22","modified_gmt":"2016-11-19T10:00:22","slug":"szijjarto-ungarn-unterstutzt-albanien-nachdrucklich-bei-den-eu-integrationsbemuhungen","status":"publish","type":"post","link":"https:\/\/dailynewshungary.com\/de\/szijjarto-ungarn-unterstutzt-albanien-nachdrucklich-bei-den-eu-integrationsbemuhungen\/","title":{"rendered":"Szijj\u00e1rt\u00f3: Ungarn unterst\u00fctzt Albanien nachdr\u00fccklich bei den EU-Integrationsbem\u00fchungen"},"content":{"rendered":"<p><strong>Tirana (MTI) (Ungarn unterst\u00fctzt Albanien entschlossen bei seinen Integrationsbem\u00fchungen der Europ\u00e4ischen Union, sagte Au\u00dfenminister P\u00e9ter Szijj\u00e1rt\u00f3 in Tirana, wo er am Freitag Gespr\u00e4che f\u00fchrte.<\/strong><\/p>\n<p>Albanien sei ein zentrales NATO-Mitglied unter dem Gesichtspunkt der Sicherheit der westlichen Balkanregion und es werde als wichtige Transitroute f\u00fcr die Gasversorgung Europas aus Aserbaidschan dienen, sagte Szijj\u00e1rt\u00f3 telefonisch gegen\u00fcber MTIDie ungarische Regierung begr\u00fc\u00dft daher den Vorschlag der Europ\u00e4ischen Kommission, so bald wie m\u00f6glich Beitrittsgespr\u00e4che mit Albanien aufzunehmen, sagte er und f\u00fcgte hinzu, dass eine beschleunigte EU-Erweiterung nach Ansicht der ungarischen Regierung den Block st\u00e4rken w\u00fcrde.<\/p>\n<p>Auf dem EU-Gipfel im Dezember werde Ungarn vorschlagen, Beitrittsgespr\u00e4che mit Albanien aufzunehmen, sobald das Land seine Justizreformen abgeschlossen habe, sagte er.<\/p>\n<p>Szijj\u00e1rt\u00f3 einigte sich mit seinem albanischen Amtskollegen Ditmir Bushati darauf, dass ab Februar n\u00e4chsten Jahres ein ungarischer Diplomat mit umfassender EU-Integrationserfahrung als Berater dem albanischen Au\u00dfenministerium zugewiesen werde.<\/p>\n<p>Er wies darauf hin, dass Ungarn seit Juli ein Handelshaus in Tirana betreibt und seine Eximbank eine Kreditlinie in H\u00f6he von 185 Millionen Euro zur Unterst\u00fctzung bilateraler Unternehmen er\u00f6ffnet hat.<\/p>\n<p>Der Au\u00dfenminister sagte, er habe w\u00e4hrend seines Besuchs eine Vereinbarung \u00fcber die Gew\u00e4hrung ungarischer Stipendien unterzeichnet, um das Studium von 20 albanischen Studenten an ungarischen Universit\u00e4ten ab September n\u00e4chsten Jahres zu unterst\u00fctzen.<\/p>\n<p><em>Foto: MTI<\/em><\/p>\n","protected":false},"excerpt":{"rendered":"<p>Tirana (MTI) (Ungarn unterst\u00fctzt Albanien entschlossen bei seinen Integrationsbem\u00fchungen der Europ\u00e4ischen Union, sagte Au\u00dfenminister P\u00e9ter Szijj\u00e1rt\u00f3 in Tirana, wo er am Freitag Gespr\u00e4che f\u00fchrte. Albanien sei ein zentrales NATO-Mitglied unter dem Gesichtspunkt der Sicherheit der westlichen Balkanregion und es werde als wichtige Transitroute f\u00fcr die Gasversorgung Europas aus Aserbaidschan dienen, sagte Szijj\u00e1rt\u00f3 telefonisch gegen\u00fcber MTIDie [&hellip;]<\/p>\n","protected":false},"author":7,"featured_media":753346,"comment_status":"open","ping_status":"open","sticky":false,"template":"","format":"standard","meta":{"_acf_changed":false,"_display_image":"","footnotes":""},"categories":[1081],"tags":[1243,1082],"class_list":["post-753345","post","type-post","status-publish","format-standard","has-post-thumbnail","hentry","category-politik","tag-balkan","tag-europaische-union"],"blocksy_meta":[],"acf":[],"author_username":"Szandi","telegram_post":"","public_post_metadata":{"breaking_news":"","important":"","csempe":"","center_tile":"","disable_thumbnail":"","target_lang":"","_featured_image_style":"","telegram_post":"","_xlat_group_id":""},"public_rank_math_data":{"title":"%title% %sep% %sitename%","description":"","focus_keyword":"Albanien","canonical_url":"","robots":"","primary_category":"1081","breadcrumb_title":"","facebook_title":"","facebook_description":"","facebook_image":"","facebook_image_id":"","twitter_title":"","twitter_description":"","twitter_image":"","twitter_image_id":"","twitter_card_type":"","twitter_use_facebook":"","advanced_robots":"","pillar_content":"","seo_score":"51","contentai_score":"","rich_snippet":""},"_links":{"self":[{"href":"https:\/\/dailynewshungary.com\/de\/wp-json\/wp\/v2\/posts\/753345","targetHints":{"allow":["GET"]}}],"collection":[{"href":"https:\/\/dailynewshungary.com\/de\/wp-json\/wp\/v2\/posts"}],"about":[{"href":"https:\/\/dailynewshungary.com\/de\/wp-json\/wp\/v2\/types\/post"}],"author":[{"embeddable":true,"href":"https:\/\/dailynewshungary.com\/de\/wp-json\/wp\/v2\/users\/7"}],"replies":[{"embeddable":true,"href":"https:\/\/dailynewshungary.com\/de\/wp-json\/wp\/v2\/comments?post=753345"}],"version-history":[{"count":0,"href":"https:\/\/dailynewshungary.com\/de\/wp-json\/wp\/v2\/posts\/753345\/revisions"}],"wp:featuredmedia":[{"embeddable":true,"href":"https:\/\/dailynewshungary.com\/de\/wp-json\/wp\/v2\/media\/753346"}],"wp:attachment":[{"href":"https:\/\/dailynewshungary.com\/de\/wp-json\/wp\/v2\/media?parent=753345"}],"wp:term":[{"taxonomy":"category","embeddable":true,"href":"https:\/\/dailynewshungary.com\/de\/wp-json\/wp\/v2\/categories?post=753345"},{"taxonomy":"post_tag","embeddable":true,"href":"https:\/\/dailynewshungary.com\/de\/wp-json\/wp\/v2\/tags?post=753345"}],"curies":[{"name":"wp","href":"https:\/\/api.w.org\/{rel}","templated":true}]}}