{"id":753404,"date":"2016-11-16T23:45:35","date_gmt":"2016-11-16T22:45:35","guid":{"rendered":"https:\/\/dailynewshungary.com\/de\/ausenminister-ungarn-schutzt-die-eu-grenzen-mit-eigenmitteln\/"},"modified":"2016-11-16T23:45:35","modified_gmt":"2016-11-16T22:45:35","slug":"ausenminister-ungarn-schutzt-die-eu-grenzen-mit-eigenmitteln","status":"publish","type":"post","link":"https:\/\/dailynewshungary.com\/de\/ausenminister-ungarn-schutzt-die-eu-grenzen-mit-eigenmitteln\/","title":{"rendered":"Au\u00dfenminister: Ungarn sch\u00fctzt die EU-Grenzen mit Eigenmitteln"},"content":{"rendered":"<p><strong>\u201cWider die Aussagen des italienischen Ministerpr\u00e4sidenten hat die ungarische Regierung keinen Zaun an der Grenze aus EU-Geldern errichtet; die Menschen in Ungarn sch\u00fctzen die Grenze der Europ\u00e4ischen Union aus eigenem Geld\u201d, sagte Minister f\u00fcr ausw\u00e4rtige Angelegenheiten und Handel P\u00e9ter Szijj\u00e1rt\u00f3 der ungarischen Nachrichtenagentur MTI.<\/strong><\/p>\n<p>Der Minister gab eine Erkl\u00e4rung als Reaktion auf \u00c4u\u00dferungen des italienischen Ministerpr\u00e4sidenten Matteo Renzi vom Dienstag ab, wonach \u201cwir es nicht hinnehmen k\u00f6nnen, dass aus dem Geld, das wir an die Europ\u00e4ische Union zahlen, Z\u00e4une gebaut werden\u201d Der italienische Regierungschef erkl\u00e4rte: \u201cWenn einige Mitgliedstaaten der Europ\u00e4ischen Union Mauern errichten und erst dann Solidarit\u00e4t zeigen, wenn sie Geld erhalten, dann sind wir bereit, gegen den EU-Haushalt ein Veto einzulegen\u201d Das wahre Europa bestehe nicht aus \u201cEgoismus und Mauern\u201d, f\u00fcgte er hinzu.<\/p>\n<p>Als Reaktion darauf erkl\u00e4rte Herr Szijj\u00e1rt\u00f3: \u201eDer italienische Premierminister hat eindeutig Angst\u201cweil es offensichtlich ist, dass die Menschen auf der ganzen Welt genug von einer einwanderungsfreundlichen Politik haben. \u201eMatteo Renzi versucht \u201eseine Angst mit aggressiven \u00c4u\u00dferungen zu verbergen und versucht, stark auszusehen, indem er Viktor Orb\u00e1n angreift\u201d, sagte er.<\/p>\n<p>Mit klarem Kopf und gro\u00dfer Geduld beobachten wir die \u201csachlich fehlerhaften Aussagen\u201d des italienischen Ministerpr\u00e4sidenten, stellte der Au\u00dfenminister fest.<\/p>\n<p>Die ungarische Regierung habe keinen Zaun an der Grenze aus EU-Geldern errichtet \u201cund schon gar nicht mit italienischem Geld\u201d; wir haben den Zaun aus dem Haushalt finanziert, oder \u201cum es f\u00fcr Matteo Renzi verst\u00e4ndlicher zu machen\u201d, geben die Menschen in Ungarn ihr eigenes Geld f\u00fcr den Schutz der EU-Grenze aus, betonte Herr Szijj\u00e1rt\u00f3.<\/p>\n<p>Der Egoismus sch\u00fctzt uns nicht vor der Welle der unkontrollierten Migration, sondern \u201cwenn ein F\u00fchrer auch dann weiter an seiner Meinung festh\u00e4lt, wenn die Fakten eindeutig darauf hindeuten, dass er falsch liegt\u201d, sagte Herr Szijj\u00e1rt\u00f3.<\/p>\n<p><em>Foto: MTI<\/em><\/p>\n","protected":false},"excerpt":{"rendered":"<p>\u201cWider die Aussagen des italienischen Ministerpr\u00e4sidenten hat die ungarische Regierung keinen Zaun an der Grenze aus EU-Geldern errichtet; die Menschen in Ungarn sch\u00fctzen die Grenze der Europ\u00e4ischen Union aus eigenem Geld\u201d, sagte Minister f\u00fcr ausw\u00e4rtige Angelegenheiten und Handel P\u00e9ter Szijj\u00e1rt\u00f3 der ungarischen Nachrichtenagentur MTI. Der Minister gab eine Erkl\u00e4rung als Reaktion auf \u00c4u\u00dferungen des italienischen [&hellip;]<\/p>\n","protected":false},"author":2,"featured_media":753405,"comment_status":"open","ping_status":"open","sticky":false,"template":"","format":"standard","meta":{"_acf_changed":false,"_display_image":"","footnotes":""},"categories":[1081],"tags":[1470,1082,1445,1299],"class_list":["post-753404","post","type-post","status-publish","format-standard","has-post-thumbnail","hentry","category-politik","tag-ausenministerium-fur-ungarn","tag-europaische-union","tag-migration","tag-schengen"],"blocksy_meta":[],"acf":[],"author_username":"alk","telegram_post":"","public_post_metadata":{"breaking_news":"","important":"","csempe":"","center_tile":"","disable_thumbnail":"","target_lang":"","_featured_image_style":"","telegram_post":"","_xlat_group_id":""},"public_rank_math_data":{"title":"%title% %sep% %sitename%","description":"","focus_keyword":"Grenzungarnary","canonical_url":"","robots":"","primary_category":"1081","breadcrumb_title":"","facebook_title":"","facebook_description":"","facebook_image":"","facebook_image_id":"","twitter_title":"","twitter_description":"","twitter_image":"","twitter_image_id":"","twitter_card_type":"","twitter_use_facebook":"","advanced_robots":"","pillar_content":"","seo_score":"1","contentai_score":"","rich_snippet":""},"_links":{"self":[{"href":"https:\/\/dailynewshungary.com\/de\/wp-json\/wp\/v2\/posts\/753404","targetHints":{"allow":["GET"]}}],"collection":[{"href":"https:\/\/dailynewshungary.com\/de\/wp-json\/wp\/v2\/posts"}],"about":[{"href":"https:\/\/dailynewshungary.com\/de\/wp-json\/wp\/v2\/types\/post"}],"author":[{"embeddable":true,"href":"https:\/\/dailynewshungary.com\/de\/wp-json\/wp\/v2\/users\/2"}],"replies":[{"embeddable":true,"href":"https:\/\/dailynewshungary.com\/de\/wp-json\/wp\/v2\/comments?post=753404"}],"version-history":[{"count":0,"href":"https:\/\/dailynewshungary.com\/de\/wp-json\/wp\/v2\/posts\/753404\/revisions"}],"wp:featuredmedia":[{"embeddable":true,"href":"https:\/\/dailynewshungary.com\/de\/wp-json\/wp\/v2\/media\/753405"}],"wp:attachment":[{"href":"https:\/\/dailynewshungary.com\/de\/wp-json\/wp\/v2\/media?parent=753404"}],"wp:term":[{"taxonomy":"category","embeddable":true,"href":"https:\/\/dailynewshungary.com\/de\/wp-json\/wp\/v2\/categories?post=753404"},{"taxonomy":"post_tag","embeddable":true,"href":"https:\/\/dailynewshungary.com\/de\/wp-json\/wp\/v2\/tags?post=753404"}],"curies":[{"name":"wp","href":"https:\/\/api.w.org\/{rel}","templated":true}]}}