{"id":753432,"date":"2016-11-15T22:00:13","date_gmt":"2016-11-15T21:00:13","guid":{"rendered":"https:\/\/dailynewshungary.com\/de\/ungarns-verteidigungsminister-fordert-eine-verstarkte-eu-prasenz-in-wichtigen-krisengebieten\/"},"modified":"2016-11-15T22:00:13","modified_gmt":"2016-11-15T21:00:13","slug":"ungarns-verteidigungsminister-fordert-eine-verstarkte-eu-prasenz-in-wichtigen-krisengebieten","status":"publish","type":"post","link":"https:\/\/dailynewshungary.com\/de\/ungarns-verteidigungsminister-fordert-eine-verstarkte-eu-prasenz-in-wichtigen-krisengebieten\/","title":{"rendered":"Ungarns Verteidigungsminister fordert eine verst\u00e4rkte EU-Pr\u00e4senz in wichtigen Krisengebieten"},"content":{"rendered":"<p><strong>Budapest (MTI) (Wenn es Europa gelingen will, die illegale Migration zu stoppen, muss es seine Pr\u00e4senz in Krisenregionen verst\u00e4rken, die eine Bedrohung f\u00fcr die Sicherheit des Kontinents darstellen, sagte Ungarns Verteidigungsminister am Dienstag.<\/strong><\/p>\n<p>Die Europ\u00e4ische Union m\u00fcsse in diesen Regionen Milit\u00e4r-, Polizei- und Zivilschutzkr\u00e4fte stationieren, die in der Lage seien, dort allein Krisenmanagementaufgaben zu erf\u00fcllen, sagte Istv\u00e1n Simicsk\u00f3 gegen\u00fcber MTI, nachdem sie an einem zweit\u00e4gigen Treffen der EU-Au\u00dfen- und Verteidigungsminister mit Au\u00dfenminister P\u00e9ter Szijj\u00e1rt\u00f3 teilgenommen hatte in Br\u00fcssel.<\/p>\n<p>Bei dem Treffen diskutierten die Beamten \u00fcber die globale Strategie der EU.<\/p>\n<p>Das Hauptziel der globalen Strategie bestehe darin, sicherzustellen, dass die EU ein starker Akteur auf der internationalen politischen B\u00fchne sei, sagte Simicsk\u00f3Die EU-B\u00fcrger h\u00e4tten ein gr\u00f6\u00dferes Bed\u00fcrfnis danach, dass ihre Sicherheit durch die Union gew\u00e4hrleistet werde als je zuvor, f\u00fcgte er hinzu.<\/p>\n<p>Simicsk\u00f3 sagte, die Minister h\u00e4tten in der Strategie eine Erkl\u00e4rung gebilligt, wonach die illegale Migration nach Europa \u201caufgehalten werden muss\u201d. Die unkontrollierte Migration auf den Kontinent f\u00fchre zu Instabilit\u00e4t und erh\u00f6he die Bedrohung durch den Terrorismus, beharrte Simicsk\u00f3Der Schl\u00fcssel zur Gew\u00e4hrleistung der Sicherheit der EU-B\u00fcrger sei der Umgang mit der Sicherheitspolitik auf nationaler Ebene und der Schutz der Au\u00dfengrenzen der passfreien Schengen-Zone, sagte er.<\/p>\n<p>Simicsk\u00f3 sagte, die Mitgliedstaaten h\u00e4tten sich bei dem Treffen auch darauf geeinigt, die Sicherheits- und Verteidigungszusammenarbeit zu intensivieren. Ein wichtiger Teil dieser Zusammenarbeit bestehe darin, das Niveau der milit\u00e4rischen St\u00e4rke der Mitgliedstaaten festzulegen, damit die EU selbst Schritte zur Gew\u00e4hrleistung ihrer Sicherheit unternehmen k\u00f6nne. Auch die Mitgliedstaaten m\u00fcssen Schritte unternehmen, um die Entwicklung ihrer Streitkr\u00e4fte zu harmonisieren, f\u00fcgte Simicsko hinzu.<\/p>\n<p>Der Minister sagte, die EU-L\u00e4nder seien sich immer noch einig, dass die NATO der wichtigste Garant f\u00fcr die kollektive Sicherheit Europas bleiben werde. Wenn die Verteidigung Europas gest\u00e4rkt werde, sei dies auch die der NATO, sagte er.<\/p>\n<p><em>Foto: MTI<\/em><\/p>\n","protected":false},"excerpt":{"rendered":"<p>Budapest (MTI) (Wenn es Europa gelingen will, die illegale Migration zu stoppen, muss es seine Pr\u00e4senz in Krisenregionen verst\u00e4rken, die eine Bedrohung f\u00fcr die Sicherheit des Kontinents darstellen, sagte Ungarns Verteidigungsminister am Dienstag. Die Europ\u00e4ische Union m\u00fcsse in diesen Regionen Milit\u00e4r-, Polizei- und Zivilschutzkr\u00e4fte stationieren, die in der Lage seien, dort allein Krisenmanagementaufgaben zu erf\u00fcllen, [&hellip;]<\/p>\n","protected":false},"author":2,"featured_media":753433,"comment_status":"open","ping_status":"open","sticky":false,"template":"","format":"standard","meta":{"_acf_changed":false,"_display_image":"","footnotes":""},"categories":[1081],"tags":[1203,1082],"class_list":["post-753432","post","type-post","status-publish","format-standard","has-post-thumbnail","hentry","category-politik","tag-armee","tag-europaische-union"],"blocksy_meta":[],"acf":[],"author_username":"alk","telegram_post":"","public_post_metadata":{"breaking_news":"","important":"","csempe":"","center_tile":"","disable_thumbnail":"","target_lang":"","_featured_image_style":"","telegram_post":"","_xlat_group_id":""},"public_rank_math_data":{"title":"%title% %sep% %sitename%","description":"","focus_keyword":"Eu hungary","canonical_url":"","robots":"","primary_category":"1081","breadcrumb_title":"","facebook_title":"","facebook_description":"","facebook_image":"","facebook_image_id":"","twitter_title":"","twitter_description":"","twitter_image":"","twitter_image_id":"","twitter_card_type":"","twitter_use_facebook":"","advanced_robots":"","pillar_content":"","seo_score":"3","contentai_score":"","rich_snippet":""},"_links":{"self":[{"href":"https:\/\/dailynewshungary.com\/de\/wp-json\/wp\/v2\/posts\/753432","targetHints":{"allow":["GET"]}}],"collection":[{"href":"https:\/\/dailynewshungary.com\/de\/wp-json\/wp\/v2\/posts"}],"about":[{"href":"https:\/\/dailynewshungary.com\/de\/wp-json\/wp\/v2\/types\/post"}],"author":[{"embeddable":true,"href":"https:\/\/dailynewshungary.com\/de\/wp-json\/wp\/v2\/users\/2"}],"replies":[{"embeddable":true,"href":"https:\/\/dailynewshungary.com\/de\/wp-json\/wp\/v2\/comments?post=753432"}],"version-history":[{"count":0,"href":"https:\/\/dailynewshungary.com\/de\/wp-json\/wp\/v2\/posts\/753432\/revisions"}],"wp:featuredmedia":[{"embeddable":true,"href":"https:\/\/dailynewshungary.com\/de\/wp-json\/wp\/v2\/media\/753433"}],"wp:attachment":[{"href":"https:\/\/dailynewshungary.com\/de\/wp-json\/wp\/v2\/media?parent=753432"}],"wp:term":[{"taxonomy":"category","embeddable":true,"href":"https:\/\/dailynewshungary.com\/de\/wp-json\/wp\/v2\/categories?post=753432"},{"taxonomy":"post_tag","embeddable":true,"href":"https:\/\/dailynewshungary.com\/de\/wp-json\/wp\/v2\/tags?post=753432"}],"curies":[{"name":"wp","href":"https:\/\/api.w.org\/{rel}","templated":true}]}}