{"id":753469,"date":"2016-11-14T16:35:41","date_gmt":"2016-11-14T15:35:41","guid":{"rendered":"https:\/\/dailynewshungary.com\/de\/keine-verschiebung-der-eu-migrationspolitik-birgt-ein-risiko-sagt-orbans-berater\/"},"modified":"2016-11-14T16:35:41","modified_gmt":"2016-11-14T15:35:41","slug":"keine-verschiebung-der-eu-migrationspolitik-birgt-ein-risiko-sagt-orbans-berater","status":"publish","type":"post","link":"https:\/\/dailynewshungary.com\/de\/keine-verschiebung-der-eu-migrationspolitik-birgt-ein-risiko-sagt-orbans-berater\/","title":{"rendered":"Keine Verschiebung der EU-Migrationspolitik birgt ein Risiko, sagt Orb\u00e1ns Berater"},"content":{"rendered":"<p>&nbsp;<\/p>\n<p><strong>Budapest, 14. November (MTI) (Die ungarische Regierung h\u00e4lt es f\u00fcr eine Quelle ernsthafter Gefahr, dass es keinen sp\u00fcrbaren Wandel in der Migrationspolitik der EU gegeben habe, sagte der oberste Sicherheitsberater des Premierministers am Montag.<\/strong><\/p>\n<p>Trotz der Bem\u00fchungen Ungarns, einen Umschwung in der Herangehensweise auszul\u00f6sen, setzt die EU ihre falsche Politik der \u201cEinladung und Verteilung\u201d von Migranten fort, eine Haltung, die in vielen Mitgliedstaaten bereits schwerwiegende Folgen hatte, sagte Gyorgy Bakondi auf einer Pressekonferenz.<\/p>\n<p>Ungarns Migrationspolitik konzentriere sich auf den Schutz und die St\u00e4rkung der Grenzen sowie auf die Gew\u00e4hrleistung der Sicherheit des Landes und seiner B\u00fcrger, sagte er.<\/p>\n<p>In dieser Erw\u00e4gung bereite sich Ungarn auf dem Treffen der EU-Ministerpr\u00e4sidenten im Dezember, bei dem voraussichtlich eine Entscheidung \u00fcber die Migrationspolitik der EU getroffen werde, auf \u201charte Streitigkeiten\u201d vor, sagte er.<\/p>\n<p>Unter Berufung auf inl\u00e4ndische Statistiken stellte Bakondi fest, dass Ungarn im Jahr 2015 177.135 Asylantr\u00e4ge erhalten und 508 Personen den Fl\u00fcchtlingsstatus zuerkannt habe.<\/p>\n<p>Bisher h\u00e4tten in diesem Jahr 28.407 Menschen in Ungarn Asyl beantragt und 396 sei der Fl\u00fcchtlingsstatus zuerkannt worden, sagte er.<\/p>\n<p><em>Foto: Bal\u00e1zs B\u00e9li<\/em><\/p>\n","protected":false},"excerpt":{"rendered":"<p>&nbsp; Budapest, 14. November (MTI) (Die ungarische Regierung h\u00e4lt es f\u00fcr eine Quelle ernsthafter Gefahr, dass es keinen sp\u00fcrbaren Wandel in der Migrationspolitik der EU gegeben habe, sagte der oberste Sicherheitsberater des Premierministers am Montag. Trotz der Bem\u00fchungen Ungarns, einen Umschwung in der Herangehensweise auszul\u00f6sen, setzt die EU ihre falsche Politik der \u201cEinladung und Verteilung\u201d [&hellip;]<\/p>\n","protected":false},"author":2,"featured_media":753470,"comment_status":"open","ping_status":"open","sticky":false,"template":"","format":"standard","meta":{"_acf_changed":false,"_display_image":"","footnotes":""},"categories":[1081],"tags":[1082,1445,1299],"class_list":["post-753469","post","type-post","status-publish","format-standard","has-post-thumbnail","hentry","category-politik","tag-europaische-union","tag-migration","tag-schengen"],"blocksy_meta":[],"acf":[],"author_username":"alk","telegram_post":"","public_post_metadata":{"breaking_news":"","important":"","csempe":"","center_tile":"","disable_thumbnail":"","target_lang":"","_featured_image_style":"","telegram_post":"","_xlat_group_id":""},"public_rank_math_data":{"title":"%title% %sep% %sitename%","description":"","focus_keyword":"Migration Ungarn","canonical_url":"","robots":"","primary_category":"1081","breadcrumb_title":"","facebook_title":"","facebook_description":"","facebook_image":"","facebook_image_id":"","twitter_title":"","twitter_description":"","twitter_image":"","twitter_image_id":"","twitter_card_type":"","twitter_use_facebook":"","advanced_robots":"","pillar_content":"","seo_score":"2","contentai_score":"","rich_snippet":""},"_links":{"self":[{"href":"https:\/\/dailynewshungary.com\/de\/wp-json\/wp\/v2\/posts\/753469","targetHints":{"allow":["GET"]}}],"collection":[{"href":"https:\/\/dailynewshungary.com\/de\/wp-json\/wp\/v2\/posts"}],"about":[{"href":"https:\/\/dailynewshungary.com\/de\/wp-json\/wp\/v2\/types\/post"}],"author":[{"embeddable":true,"href":"https:\/\/dailynewshungary.com\/de\/wp-json\/wp\/v2\/users\/2"}],"replies":[{"embeddable":true,"href":"https:\/\/dailynewshungary.com\/de\/wp-json\/wp\/v2\/comments?post=753469"}],"version-history":[{"count":0,"href":"https:\/\/dailynewshungary.com\/de\/wp-json\/wp\/v2\/posts\/753469\/revisions"}],"wp:featuredmedia":[{"embeddable":true,"href":"https:\/\/dailynewshungary.com\/de\/wp-json\/wp\/v2\/media\/753470"}],"wp:attachment":[{"href":"https:\/\/dailynewshungary.com\/de\/wp-json\/wp\/v2\/media?parent=753469"}],"wp:term":[{"taxonomy":"category","embeddable":true,"href":"https:\/\/dailynewshungary.com\/de\/wp-json\/wp\/v2\/categories?post=753469"},{"taxonomy":"post_tag","embeddable":true,"href":"https:\/\/dailynewshungary.com\/de\/wp-json\/wp\/v2\/tags?post=753469"}],"curies":[{"name":"wp","href":"https:\/\/api.w.org\/{rel}","templated":true}]}}