{"id":753499,"date":"2016-11-13T14:00:33","date_gmt":"2016-11-13T13:00:33","guid":{"rendered":"https:\/\/dailynewshungary.com\/de\/clever-foxs-tales-about-the-universe-ein-marchenbuch-uber-astrophysik\/"},"modified":"2016-11-13T14:00:33","modified_gmt":"2016-11-13T13:00:33","slug":"clever-foxs-tales-about-the-universe-ein-marchenbuch-uber-astrophysik","status":"publish","type":"post","link":"https:\/\/dailynewshungary.com\/de\/clever-foxs-tales-about-the-universe-ein-marchenbuch-uber-astrophysik\/","title":{"rendered":"Clever Fox\u2019s Tales about the Universe \u2013 Ein M\u00e4rchenbuch \u00fcber Astrophysik"},"content":{"rendered":"<p><strong><a href=\"http:\/\/www.szeretlekmagyarorszag.hu\/magyar-srac-rokas-mesekonyve-tanitana-asztrofizikara-a-gyerekeket\/\" target=\"_blank\" rel=\"noopener noreferrer\">Laut szeretlekmagyarorszag.hu <\/a>Eine geniale Idee hat ein ungarischer freiberuflicher Illustrator. Er m\u00f6chte magische M\u00e4rchenb\u00fccher f\u00fcr 3-5-j\u00e4hrige Kinder machen, in denen Papa Fuchs mit seinem Sohn \u00fcber den Urknall und die Stringtheorie spricht. Das Buch zielt darauf ab, Kinder zu faszinieren und ihr Interesse auf unterhaltsame Weise zu wecken.<\/strong><\/p>\n<p>R\u00f3bert Farkas ist ein freiberuflicher ungarischer Illustrator und Grafikdesigner, dessen Hobby die Astrophysik ist. Er hofft, dass seine Fuchstales zu Gespr\u00e4chen zwischen Eltern und Kind \u00fcber die grundlegenden Fragen f\u00fchren, etwa dar\u00fcber, woher wir kommen, woraus wir bestehen und woher diese Substanz kommt.<\/p>\n<p>Da es sich um ein M\u00e4rchenbuch handelt, sind wundersch\u00f6ne Illustrationen ein wesentlicher Bestandteil der Idee, weshalb er auf die Idee kam, dass freundliche F\u00fcchse \u00fcber die Wunder des Universums sprechen. Er arbeitete am ersten Buch der dreiteiligen Serie mit dem anerkannten Astrophysiker P\u00e9ter Raffai.<\/p>\n<p><img loading=\"lazy\" decoding=\"async\" class=\"aligncenter wp-image-91813\" src=\"https:\/\/dailynewshungary.com\/wp-content\/uploads\/2016\/11\/about-the-universe2-300x200.jpg\" alt=\"\u00fcber das Universum2\" width=\"1024\" height=\"684\" srcset=\"https:\/\/contentf5.dailynewshungary.com\/wp-content\/uploads\/2016\/11\/about-the-universe2-300x200.jpg 300w, https:\/\/contentf5.dailynewshungary.com\/wp-content\/uploads\/2016\/11\/about-the-universe2-220x147.jpg 220w, https:\/\/contentf5.dailynewshungary.com\/wp-content\/uploads\/2016\/11\/about-the-universe2-610x407.jpg 610w, https:\/\/contentf5.dailynewshungary.com\/wp-content\/uploads\/2016\/11\/about-the-universe2.jpg 620w\" sizes=\"auto, (max-width: 1024px) 100vw, 1024px\"><\/p>\n<p>Das Ziel f\u00fcr R\u00f3bert, der eigentlich von seiner eigenen Tochter inspiriert wurde, ist nicht die Lehre der Kinder, sondern ihre Faszination und die Beantwortung von Fragen, die ihnen im Kopf auftauchen k\u00f6nnten. Das erste Buch besteht aus zehn Seiten mit Papa Fox und seinem Sohn, die \u00fcber den Urknall und die Stringtheorie sprechen.<\/p>\n<p>Der Zeichner versucht <a href=\"https:\/\/www.indiegogo.com\/projects\/clever-fox-s-tales-about-the-universe#\/\" target=\"_blank\" rel=\"noopener noreferrer\">Geld auf Indiegogo zu sammeln<\/a> Zu machen <em>Die Geschichten von Clever Fox \u00fcber das Universum <\/em>M\u00f6glich. Das Einf\u00fchrungsbuch ber\u00fchrt auch das Thema Teilchenphysik, aber auch die anderen beiden B\u00fccher w\u00fcrden die Themen Schwarze L\u00f6cher und Lichtgeschwindigkeit nat\u00fcrlich auf unterhaltsame Weise ansprechen.<\/p>\n<p><iframe loading=\"lazy\" title=\"Clever Fox's Tales - About the Universe\" width=\"1480\" height=\"833\" src=\"https:\/\/www.youtube.com\/embed\/6Qkp5JWnAXk?feature=oembed\" frameborder=\"0\" allow=\"accelerometer; autoplay; clipboard-write; encrypted-media; gyroscope; picture-in-picture; web-share\" referrerpolicy=\"strict-origin-when-cross-origin\" allowfullscreen=\"\"><\/iframe><\/p>\n<p>Die B\u00fccher werden f\u00fcr 25 Dollar im Angebot sein und der Designer plant, im Dezember 2016 mit der Auslieferung zu beginnen.<\/p>\n<p><em>Fotos: www.indiegogo.com\/CleverFox&#8217;sTalesabouttheuniverse<\/em><\/p>\n<p>Editor kopieren: bm<\/p>\n","protected":false},"excerpt":{"rendered":"<p>Laut szeretlekmagyarorszag.hu Eine geniale Idee hat ein ungarischer freiberuflicher Illustrator. Er m\u00f6chte magische M\u00e4rchenb\u00fccher f\u00fcr 3-5-j\u00e4hrige Kinder machen, in denen Papa Fuchs mit seinem Sohn \u00fcber den Urknall und die Stringtheorie spricht. Das Buch zielt darauf ab, Kinder zu faszinieren und ihr Interesse auf unterhaltsame Weise zu wecken. R\u00f3bert Farkas ist ein freiberuflicher ungarischer Illustrator [&hellip;]<\/p>\n","protected":false},"author":7,"featured_media":753500,"comment_status":"open","ping_status":"open","sticky":false,"template":"","format":"standard","meta":{"_acf_changed":false,"_display_image":"","footnotes":""},"categories":[3552],"tags":[1231,1502,1537],"class_list":["post-753499","post","type-post","status-publish","format-standard","has-post-thumbnail","hentry","category-spezialungarisch","tag-buch","tag-kinder","tag-wissenschaft"],"blocksy_meta":[],"acf":[],"author_username":"Szandi","telegram_post":"","public_post_metadata":{"breaking_news":"","important":"","csempe":"","center_tile":"","disable_thumbnail":"","target_lang":"","_featured_image_style":"","telegram_post":"","_xlat_group_id":""},"public_rank_math_data":{"title":"%title% %sep% %sitename%","description":"","focus_keyword":"","canonical_url":"","robots":"","primary_category":"3552","breadcrumb_title":"","facebook_title":"","facebook_description":"","facebook_image":"","facebook_image_id":"","twitter_title":"","twitter_description":"","twitter_image":"","twitter_image_id":"","twitter_card_type":"","twitter_use_facebook":"","advanced_robots":"","pillar_content":"","seo_score":"","contentai_score":"","rich_snippet":""},"_links":{"self":[{"href":"https:\/\/dailynewshungary.com\/de\/wp-json\/wp\/v2\/posts\/753499","targetHints":{"allow":["GET"]}}],"collection":[{"href":"https:\/\/dailynewshungary.com\/de\/wp-json\/wp\/v2\/posts"}],"about":[{"href":"https:\/\/dailynewshungary.com\/de\/wp-json\/wp\/v2\/types\/post"}],"author":[{"embeddable":true,"href":"https:\/\/dailynewshungary.com\/de\/wp-json\/wp\/v2\/users\/7"}],"replies":[{"embeddable":true,"href":"https:\/\/dailynewshungary.com\/de\/wp-json\/wp\/v2\/comments?post=753499"}],"version-history":[{"count":0,"href":"https:\/\/dailynewshungary.com\/de\/wp-json\/wp\/v2\/posts\/753499\/revisions"}],"wp:featuredmedia":[{"embeddable":true,"href":"https:\/\/dailynewshungary.com\/de\/wp-json\/wp\/v2\/media\/753500"}],"wp:attachment":[{"href":"https:\/\/dailynewshungary.com\/de\/wp-json\/wp\/v2\/media?parent=753499"}],"wp:term":[{"taxonomy":"category","embeddable":true,"href":"https:\/\/dailynewshungary.com\/de\/wp-json\/wp\/v2\/categories?post=753499"},{"taxonomy":"post_tag","embeddable":true,"href":"https:\/\/dailynewshungary.com\/de\/wp-json\/wp\/v2\/tags?post=753499"}],"curies":[{"name":"wp","href":"https:\/\/api.w.org\/{rel}","templated":true}]}}