{"id":753523,"date":"2016-11-12T11:00:47","date_gmt":"2016-11-12T10:00:47","guid":{"rendered":"https:\/\/dailynewshungary.com\/de\/der-sprecher-des-reprasentantenhauses-pladiert-fur-starke-v4-bindungen\/"},"modified":"2016-11-12T11:00:47","modified_gmt":"2016-11-12T10:00:47","slug":"der-sprecher-des-reprasentantenhauses-pladiert-fur-starke-v4-bindungen","status":"publish","type":"post","link":"https:\/\/dailynewshungary.com\/de\/der-sprecher-des-reprasentantenhauses-pladiert-fur-starke-v4-bindungen\/","title":{"rendered":"Der Sprecher des Repr\u00e4sentantenhauses pl\u00e4diert f\u00fcr starke V4-Bindungen"},"content":{"rendered":"<p><strong>Budapest (MTI) (MTI) Die Visegr\u00e1d Four-Gruppierung aus Ungarn, der Tschechischen Republik, Polen und der Slowakei kann nur dann stark und unabh\u00e4ngig von \u00e4u\u00dferen Umst\u00e4nden sein, wenn sie enge Beziehungen untereinander eingehen, sagte Ungarns Parlamentspr\u00e4sident.<\/strong><\/p>\n<p>Die V4 sollten in der Lage sein, diese Beziehungen so zu nutzen, dass sie die St\u00e4rken ihrer L\u00e4nder b\u00fcndeln k\u00f6nnen, sagte L\u00e1szl\u00f3 K\u00f6v\u00e9r in einem Interview, das das \u00f6ffentlich-rechtliche Fernsehen M1 am Freitagabend ausstrahlte.<\/p>\n<p>Die V4 umfassen einen Markt von rund 60 Millionen Menschen, etwa so gro\u00df wie ein westeurop\u00e4isches Land mit 60 Millionen Einwohnern, sagte K\u00f6v\u00e9r und stellte gleichzeitig fest, dass das kombinierte BIP der V4 nicht dem entspricht eines solchen westeurop\u00e4ischen Landes wie Frankreich.<\/p>\n<p>Aber die vier L\u00e4nder verf\u00fcgen doch \u00fcber gen\u00fcgend vereinte Kraft und Potenzial, um \u201ceine ernsthafte Chance im Sinne einer Partnerschaft mit einem Land wie Deutschland\u201d zu pr\u00e4sentieren, sagte er.<\/p>\n<p>K\u00f6v\u00e9r merkte an, dass die V4-Staaten in den letzten 25 Jahren auf ihren Entwicklungswegen sowohl H\u00f6hen als auch Tiefen durchgemacht h\u00e4tten, inzwischen h\u00e4tten die vier L\u00e4nder gelernt, ihre Differenzen in Angelegenheiten beiseite zu legen, auf denen sie \u201cwissen, dass sie keine gemeinsame Basis finden k\u00f6nnen\u201d und sich auf solche konzentrieren k\u00f6nnen, an denen sie gemeinsame Interessen haben, sagte der Redner.<\/p>\n<p>Er sagte, die V4 seien auch durch ihre gemeinsamen Grundwerte und Interessen verbunden. \u201eEs gibt verbindliche Elemente zwischen den vier L\u00e4ndern, die ihre Regierungen dazu inspirieren, zu versuchen, eine pragmatische Zusammenarbeit mit den anderen drei zu verfolgen, um ihre gemeinsamen Interessen zu f\u00f6rdern.\u201c\u201eWir haben alle verstanden, dass die Europ\u00e4ische Union &#8230; ein Terrain f\u00fcr einen Interessenkampf ist\u201d, sagte K\u00f6v\u00e9r. Wenn die V4 also in diesem Kampf ihre Kr\u00e4fte b\u00fcndeln, k\u00f6nnen sie genug Gewicht haben, dass die \u00e4lteren, westeurop\u00e4ischen Mitgliedstaaten sie ber\u00fccksichtigen m\u00fcssen, f\u00fcgte er hinzu.<\/p>\n<p>K\u00f6v\u00e9r sagte, die starke Beziehung zwischen Ungarn und Polen sei eine gewesen, die bewiesen habe, dass es f\u00fcr zwei V\u00f6lker m\u00f6glich sei, miteinander auszukommen und sich gleichzeitig auf die Beilegung ihrer Differenzen zu konzentrieren, wohlwissend, dass diese nur durch Zusammenarbeit beigelegt werden k\u00f6nnten.<\/p>\n<p><em>Foto: MTI<\/em><\/p>\n","protected":false},"excerpt":{"rendered":"<p>Budapest (MTI) (MTI) Die Visegr\u00e1d Four-Gruppierung aus Ungarn, der Tschechischen Republik, Polen und der Slowakei kann nur dann stark und unabh\u00e4ngig von \u00e4u\u00dferen Umst\u00e4nden sein, wenn sie enge Beziehungen untereinander eingehen, sagte Ungarns Parlamentspr\u00e4sident. Die V4 sollten in der Lage sein, diese Beziehungen so zu nutzen, dass sie die St\u00e4rken ihrer L\u00e4nder b\u00fcndeln k\u00f6nnen, sagte [&hellip;]<\/p>\n","protected":false},"author":7,"featured_media":753524,"comment_status":"open","ping_status":"open","sticky":false,"template":"","format":"standard","meta":{"_acf_changed":false,"_display_image":"","footnotes":""},"categories":[1081],"tags":[1082,1923],"class_list":["post-753523","post","type-post","status-publish","format-standard","has-post-thumbnail","hentry","category-politik","tag-europaische-union","tag-visegrad-vier"],"blocksy_meta":[],"acf":[],"author_username":"Szandi","telegram_post":"","public_post_metadata":{"breaking_news":"","important":"","csempe":"","center_tile":"","disable_thumbnail":"","target_lang":"","_featured_image_style":"","telegram_post":"","_xlat_group_id":""},"public_rank_math_data":{"title":"%title% %sep% %sitename%","description":"","focus_keyword":"V4","canonical_url":"","robots":"","primary_category":"1081","breadcrumb_title":"","facebook_title":"","facebook_description":"","facebook_image":"","facebook_image_id":"","twitter_title":"","twitter_description":"","twitter_image":"","twitter_image_id":"","twitter_card_type":"","twitter_use_facebook":"","advanced_robots":"","pillar_content":"","seo_score":"","contentai_score":"","rich_snippet":""},"_links":{"self":[{"href":"https:\/\/dailynewshungary.com\/de\/wp-json\/wp\/v2\/posts\/753523","targetHints":{"allow":["GET"]}}],"collection":[{"href":"https:\/\/dailynewshungary.com\/de\/wp-json\/wp\/v2\/posts"}],"about":[{"href":"https:\/\/dailynewshungary.com\/de\/wp-json\/wp\/v2\/types\/post"}],"author":[{"embeddable":true,"href":"https:\/\/dailynewshungary.com\/de\/wp-json\/wp\/v2\/users\/7"}],"replies":[{"embeddable":true,"href":"https:\/\/dailynewshungary.com\/de\/wp-json\/wp\/v2\/comments?post=753523"}],"version-history":[{"count":0,"href":"https:\/\/dailynewshungary.com\/de\/wp-json\/wp\/v2\/posts\/753523\/revisions"}],"wp:featuredmedia":[{"embeddable":true,"href":"https:\/\/dailynewshungary.com\/de\/wp-json\/wp\/v2\/media\/753524"}],"wp:attachment":[{"href":"https:\/\/dailynewshungary.com\/de\/wp-json\/wp\/v2\/media?parent=753523"}],"wp:term":[{"taxonomy":"category","embeddable":true,"href":"https:\/\/dailynewshungary.com\/de\/wp-json\/wp\/v2\/categories?post=753523"},{"taxonomy":"post_tag","embeddable":true,"href":"https:\/\/dailynewshungary.com\/de\/wp-json\/wp\/v2\/tags?post=753523"}],"curies":[{"name":"wp","href":"https:\/\/api.w.org\/{rel}","templated":true}]}}