{"id":753533,"date":"2016-11-11T21:33:38","date_gmt":"2016-11-11T20:33:38","guid":{"rendered":"https:\/\/dailynewshungary.com\/de\/orban-erwartet-eine-wende-in-den-beziehungen-zwischen-ungarn-und-den-usa\/"},"modified":"2016-11-11T21:33:38","modified_gmt":"2016-11-11T20:33:38","slug":"orban-erwartet-eine-wende-in-den-beziehungen-zwischen-ungarn-und-den-usa","status":"publish","type":"post","link":"https:\/\/dailynewshungary.com\/de\/orban-erwartet-eine-wende-in-den-beziehungen-zwischen-ungarn-und-den-usa\/","title":{"rendered":"Orb\u00e1n erwartet eine \u2018Wende\u2019 in den Beziehungen zwischen Ungarn und den USA"},"content":{"rendered":"<p><strong>Budapest, 11. November (MTI) \u201eHinweis\u201cDer Sieg von Donald Trump im Pr\u00e4sidentschaftswahlkampf der Vereinigten Staaten wird voraussichtlich eine \u201evollst\u00e4ndige Ver\u00e4nderung\u201d in den bilateralen Beziehungen mit sich bringen, sagte Premierminister Viktor Orb\u00e1n am Freitagmorgen gegen\u00fcber der \u00d6ffentlichkeit von Kossuth Radio.<\/strong><\/p>\n<p>Ungarn habe starke wirtschaftliche und sicherheitspolitische Beziehungen zu den USA gehabt, aber die politische Zusammenarbeit sei \u201ctendenziell auf Grund gelaufen\u201d mit der demokratischen Regierung, sagte Orb\u00e1nEr bestand darauf, dass die demokratische Regierung in einer \u201cliberalen Pseudowelt\u201d lebe und versuche, \u201cdie Demokratie in ihrer eigenen Interpretation zu exportieren\u201d, und unterst\u00fctzte Migrationstendenzen in der Welt.<\/p>\n<p>Auf eine Frage, falls er eine \u00c4nderung der kritischen Haltung der US-Regierung gegen\u00fcber Ungarn erwarte, sagte Orb\u00e1n, er erwarte eine \u201c180-Grad\u201d &#8211; Trendwende.<\/p>\n<p>\u201cEs gibt eine faire Chance\u201d, dass die Welt mit dem neuen US-Pr\u00e4sidenten ein besserer Ort sein wird, sagte der PremierministerIn Bezug auf Trumps zuk\u00fcnftige Politik sagte Orb\u00e1n, dass \u201cKampagne und Regierung zwei verschiedene Dinge sind\u201d und f\u00fcgte hinzu, dass Ungarn an einer \u201cvern\u00fcnftigen, ruhigen und wohl\u00fcberlegten\u201d US-Au\u00dfenpolitik interessiert sei.<\/p>\n<p style=\"text-align: center;\">&nbsp;<iframe loading=\"lazy\" style=\"border: none; overflow: hidden;\" src=\"https:\/\/www.facebook.com\/plugins\/post.php?href=https%3A%2F%2Fwww.facebook.com%2Fdailynewshungary%2Fposts%2F1145552075480362&amp;width=500\" width=\"500\" height=\"506\" frameborder=\"0\" scrolling=\"no\"><\/iframe><\/p>\n<p>Auf eine Frage zu Trumps Wahlkampfbemerkungen, er werde die Freihandelsgespr\u00e4che seines Landes unter den gegenw\u00e4rtigen Bedingungen nicht unterst\u00fctzen, antwortete Orb\u00e1n \u201cwir auch nicht\u201d.<\/p>\n<p>Zu einem anderen Thema sagte Orb\u00e1n, dass Europa angesichts der Klarstellung Trumps, dass \u201edie USA nicht mehr die gleiche Rechnung bezahlen werden\u201cmehr f\u00fcr seine eigene Sicherheit tun muss. \u201eEs wird uns gut tun, wenn wir die Sicherheit ernster nehmen und sie nicht als selbstverst\u00e4ndlich betrachten.\u201cvon einer riesigen US-Armee von au\u00dferhalb des Kontinents\u201d, argumentierte er.<\/p>\n<p>Zu den Beziehungen zwischen den USA und Russland sagte Orban, es gebe M\u00f6glichkeiten, die Spannungen abzubauen, und es liege im Interesse Ungarns, dass die beiden M\u00e4chte \u201cvon einer kriegerischen Stimmung zur Kultur des Friedens und der Zusammenarbeit zur\u00fcckkehren\u201d Er f\u00fcgte hinzu, dass \u201ces nicht \u00fcber Nacht geschehen wird\u201d.<\/p>\n<p>In Bezug auf seine j\u00fcngsten Gespr\u00e4che mit der britischen Premierministerin Theresa May sagte Orb\u00e1n, man habe sich darauf geeinigt, dass sich die Situation der im Vereinigten K\u00f6nigreich arbeitenden Ungarn nicht verschlechtern d\u00fcrfe, unter der Bedingung, dass die ungarische Regierung auch in Ungarn keine Ma\u00dfnahmen ergreife, die sich auf Briten auswirken w\u00fcrden, Orb\u00e1n stellte fest, dass seine Regierung keine derartigen Schritte planeDer Schwerpunkt der Gespr\u00e4che werde in Zukunft auf den Bedingungen f\u00fcr Ungarn liegen, die von nun an eine Besch\u00e4ftigung im Vereinigten K\u00f6nigreich suchen wollen, f\u00fcgte Orb\u00e1n hinzu.<\/p>\n<p>Orb\u00e1n stellte fest, dass im Ausland arbeitende Ungarn j\u00e4hrlich 1 Billion Forint (3,3 Mrd. EUR) nach Hause schicken, \u201edie eine ernsthafte Rolle dabei spielen, die ungarische Wirtschaft am Laufen zu halten\u201cEr f\u00fcgte jedoch hinzu, dass die Regierung daran arbeite, Ungarn \u201ezu einem Ort zu machen, der ein attraktives Leben gew\u00e4hrleistet\u201d und vorhersehbare Karrieren\u201d auch f\u00fcr Menschen, die zur\u00fcckkehren m\u00f6chten.<\/p>\n<p><em>Foto: MTI\/AP\/Pablo Martinez Monsivais<\/em><\/p>\n","protected":false},"excerpt":{"rendered":"<p>Budapest, 11. November (MTI) \u201eHinweis\u201cDer Sieg von Donald Trump im Pr\u00e4sidentschaftswahlkampf der Vereinigten Staaten wird voraussichtlich eine \u201evollst\u00e4ndige Ver\u00e4nderung\u201d in den bilateralen Beziehungen mit sich bringen, sagte Premierminister Viktor Orb\u00e1n am Freitagmorgen gegen\u00fcber der \u00d6ffentlichkeit von Kossuth Radio. Ungarn habe starke wirtschaftliche und sicherheitspolitische Beziehungen zu den USA gehabt, aber die politische Zusammenarbeit sei \u201ctendenziell [&hellip;]<\/p>\n","protected":false},"author":2,"featured_media":753534,"comment_status":"open","ping_status":"open","sticky":false,"template":"","format":"standard","meta":{"_acf_changed":false,"_display_image":"","footnotes":""},"categories":[1081],"tags":[1361,1157,1128],"class_list":["post-753533","post","type-post","status-publish","format-standard","has-post-thumbnail","hentry","category-politik","tag-uk","tag-vereinigte-staaten","tag-viktor-orban"],"blocksy_meta":[],"acf":[],"author_username":"alk","telegram_post":"","public_post_metadata":{"breaking_news":"","important":"","csempe":"","center_tile":"","disable_thumbnail":"","target_lang":"","_featured_image_style":"","telegram_post":"","_xlat_group_id":""},"public_rank_math_data":{"title":"%title% %sep% %sitename%","description":"","focus_keyword":"Trumpfungary","canonical_url":"","robots":"","primary_category":"1081","breadcrumb_title":"","facebook_title":"","facebook_description":"","facebook_image":"","facebook_image_id":"","twitter_title":"","twitter_description":"","twitter_image":"","twitter_image_id":"","twitter_card_type":"","twitter_use_facebook":"","advanced_robots":"","pillar_content":"","seo_score":"","contentai_score":"","rich_snippet":""},"_links":{"self":[{"href":"https:\/\/dailynewshungary.com\/de\/wp-json\/wp\/v2\/posts\/753533","targetHints":{"allow":["GET"]}}],"collection":[{"href":"https:\/\/dailynewshungary.com\/de\/wp-json\/wp\/v2\/posts"}],"about":[{"href":"https:\/\/dailynewshungary.com\/de\/wp-json\/wp\/v2\/types\/post"}],"author":[{"embeddable":true,"href":"https:\/\/dailynewshungary.com\/de\/wp-json\/wp\/v2\/users\/2"}],"replies":[{"embeddable":true,"href":"https:\/\/dailynewshungary.com\/de\/wp-json\/wp\/v2\/comments?post=753533"}],"version-history":[{"count":0,"href":"https:\/\/dailynewshungary.com\/de\/wp-json\/wp\/v2\/posts\/753533\/revisions"}],"wp:featuredmedia":[{"embeddable":true,"href":"https:\/\/dailynewshungary.com\/de\/wp-json\/wp\/v2\/media\/753534"}],"wp:attachment":[{"href":"https:\/\/dailynewshungary.com\/de\/wp-json\/wp\/v2\/media?parent=753533"}],"wp:term":[{"taxonomy":"category","embeddable":true,"href":"https:\/\/dailynewshungary.com\/de\/wp-json\/wp\/v2\/categories?post=753533"},{"taxonomy":"post_tag","embeddable":true,"href":"https:\/\/dailynewshungary.com\/de\/wp-json\/wp\/v2\/tags?post=753533"}],"curies":[{"name":"wp","href":"https:\/\/api.w.org\/{rel}","templated":true}]}}