{"id":753587,"date":"2016-11-09T19:10:29","date_gmt":"2016-11-09T18:10:29","guid":{"rendered":"https:\/\/dailynewshungary.com\/de\/ursachen-der-migration-sollten-vor-ort-angegangen-werden-sagt-justizminister\/"},"modified":"2016-11-09T19:10:29","modified_gmt":"2016-11-09T18:10:29","slug":"ursachen-der-migration-sollten-vor-ort-angegangen-werden-sagt-justizminister","status":"publish","type":"post","link":"https:\/\/dailynewshungary.com\/de\/ursachen-der-migration-sollten-vor-ort-angegangen-werden-sagt-justizminister\/","title":{"rendered":"Ursachen der Migration sollten vor Ort angegangen werden, sagt Justizminister"},"content":{"rendered":"<p>&nbsp;<\/p>\n<p><strong>Budapest, 9. November (MTI) \u2013 Die Ursachen der Massenmigration m\u00fcssen vor Ort angegangen werden, um sicherzustellen, dass Menschen nicht gezwungen werden, ihre Heimatl\u00e4nder zu verlassen, sagte Ungarns Justizminister am Mittwoch in Budapest.<\/strong><\/p>\n<p>Die Ursachen der Massenmigration zu identifizieren liege im Interesse jedes Landes, sagte L\u00e1szl\u00f3 Tr\u00f3cs\u00e1nyi auf einer internationalen Migrationskonferenz, die von einem wissenschaftlichen Rat des Innenministeriums organisiert wurde.<\/p>\n<p>Der Minister sagte, dass es eine ineffektive Art sei, mit Themen wie Migration umzugehen, wenn \u201cein oder zwei Kontinente\u201d versuchen, \u201calle Probleme der Welt\u201d zu l\u00f6sen.<\/p>\n<p>Um das Problem der Migration zu l\u00f6sen, sei es zun\u00e4chst notwendig, zu einem Konsens \u00fcber die Definitionen der Begriffe &#8216;Einwanderer&#8217; und &#8216;Fl\u00fcchtling&#8217; zu kommen, sagte Tr\u00f3cs\u00e1nyiDie Genfer Konventionen seien die Hauptgrundlage f\u00fcr die Festlegung der Rechte von Fl\u00fcchtlingen, bemerkte erAber wenn es um die Einwanderungspolitik gehe, streben die Mitgliedstaaten der Europ\u00e4ischen Union an, sicherzustellen, dass dies eine nationale Zust\u00e4ndigkeit bleibeSo wie sie aussieht, sei die EU uneinig dar\u00fcber, ob das Konzept der Migrationspolitik \u00fcberhaupt existiert, f\u00fcgte er hinzu.<\/p>\n<p>Tr\u00f3cs\u00e1nyi verwies auf die Haltung Ungarns zur Migration, dass internationale Verpflichtungen und Gesetze eingehalten werden m\u00fcssten. Ungarn habe sich an die Dublin-Regeln gehalten, indem es rund 200.000 Migranten registriert habe, betonte er und f\u00fcgte hinzu, dass dies nicht von allen EU-L\u00e4ndern gesagt werden k\u00f6nne. Tr\u00f3cs\u00e1nyi warnte, dass die Mitgliedstaaten m\u00f6glicherweise Ma\u00dfnahmen ergreifen m\u00fcssten, die m\u00f6glicherweise die Bewegungsfreiheit der Menschen einschr\u00e4nken k\u00f6nnten, wenn die EU die Au\u00dfengrenzen des Schengen-Raums nicht sch\u00fctze.<\/p>\n<p><em>Foto: Bal\u00e1zs B\u00e9li<\/em><\/p>\n","protected":false},"excerpt":{"rendered":"<p>&nbsp; Budapest, 9. November (MTI) \u2013 Die Ursachen der Massenmigration m\u00fcssen vor Ort angegangen werden, um sicherzustellen, dass Menschen nicht gezwungen werden, ihre Heimatl\u00e4nder zu verlassen, sagte Ungarns Justizminister am Mittwoch in Budapest. Die Ursachen der Massenmigration zu identifizieren liege im Interesse jedes Landes, sagte L\u00e1szl\u00f3 Tr\u00f3cs\u00e1nyi auf einer internationalen Migrationskonferenz, die von einem wissenschaftlichen [&hellip;]<\/p>\n","protected":false},"author":2,"featured_media":753588,"comment_status":"open","ping_status":"open","sticky":false,"template":"","format":"standard","meta":{"_acf_changed":false,"_display_image":"","footnotes":""},"categories":[1081],"tags":[1082,1445,1267],"class_list":["post-753587","post","type-post","status-publish","format-standard","has-post-thumbnail","hentry","category-politik","tag-europaische-union","tag-migration","tag-rechte"],"blocksy_meta":[],"acf":[],"author_username":"alk","telegram_post":"","public_post_metadata":{"breaking_news":"","important":"","csempe":"","center_tile":"","disable_thumbnail":"","target_lang":"","_featured_image_style":"","telegram_post":"","_xlat_group_id":""},"public_rank_math_data":{"title":"%title% %sep% %sitename%","description":"","focus_keyword":"Migration Ungarn","canonical_url":"","robots":"","primary_category":"1081","breadcrumb_title":"","facebook_title":"","facebook_description":"","facebook_image":"","facebook_image_id":"","twitter_title":"","twitter_description":"","twitter_image":"","twitter_image_id":"","twitter_card_type":"","twitter_use_facebook":"","advanced_robots":"","pillar_content":"","seo_score":"3","contentai_score":"","rich_snippet":""},"_links":{"self":[{"href":"https:\/\/dailynewshungary.com\/de\/wp-json\/wp\/v2\/posts\/753587","targetHints":{"allow":["GET"]}}],"collection":[{"href":"https:\/\/dailynewshungary.com\/de\/wp-json\/wp\/v2\/posts"}],"about":[{"href":"https:\/\/dailynewshungary.com\/de\/wp-json\/wp\/v2\/types\/post"}],"author":[{"embeddable":true,"href":"https:\/\/dailynewshungary.com\/de\/wp-json\/wp\/v2\/users\/2"}],"replies":[{"embeddable":true,"href":"https:\/\/dailynewshungary.com\/de\/wp-json\/wp\/v2\/comments?post=753587"}],"version-history":[{"count":0,"href":"https:\/\/dailynewshungary.com\/de\/wp-json\/wp\/v2\/posts\/753587\/revisions"}],"wp:featuredmedia":[{"embeddable":true,"href":"https:\/\/dailynewshungary.com\/de\/wp-json\/wp\/v2\/media\/753588"}],"wp:attachment":[{"href":"https:\/\/dailynewshungary.com\/de\/wp-json\/wp\/v2\/media?parent=753587"}],"wp:term":[{"taxonomy":"category","embeddable":true,"href":"https:\/\/dailynewshungary.com\/de\/wp-json\/wp\/v2\/categories?post=753587"},{"taxonomy":"post_tag","embeddable":true,"href":"https:\/\/dailynewshungary.com\/de\/wp-json\/wp\/v2\/tags?post=753587"}],"curies":[{"name":"wp","href":"https:\/\/api.w.org\/{rel}","templated":true}]}}