{"id":753608,"date":"2016-11-08T23:12:34","date_gmt":"2016-11-08T22:12:34","guid":{"rendered":"https:\/\/dailynewshungary.com\/de\/ungarn-osterreich-mit-eu-forderung-grenzuberschreitendes-nationalparkprojekt-zu-starten\/"},"modified":"2016-11-08T23:12:34","modified_gmt":"2016-11-08T22:12:34","slug":"ungarn-osterreich-mit-eu-forderung-grenzuberschreitendes-nationalparkprojekt-zu-starten","status":"publish","type":"post","link":"https:\/\/dailynewshungary.com\/de\/ungarn-osterreich-mit-eu-forderung-grenzuberschreitendes-nationalparkprojekt-zu-starten\/","title":{"rendered":"Ungarn, \u00d6sterreich mit EU-F\u00f6rderung grenz\u00fcberschreitendes Nationalparkprojekt zu starten"},"content":{"rendered":"<p><strong>Budapest, 8. November (MTI) \u2013 Ein grenz\u00fcberschreitendes Naturschutzprojekt wird in ungarisch-\u00f6sterreichischer Partnerschaft mit EU-Mitteln gestartet, sagten Beamte am Dienstag bei einer Projektstartveranstaltung im ungarischen Grenzdorf Sarrod.<\/strong><\/p>\n<p>Das Projekt werde unter der Leitung der Nationalparkdirektion Fert.-Hans\u00e1g im Nordwesten Ungarns unter Beteiligung von drei \u00f6sterreichischen Partnerorganisationen, darunter dem Nationalpark Neusiedler See im Osten \u00d6sterreichs, durchgef\u00fchrt, sagte G\u00e1bor Reischl, Leiter des ungarischen Parks.<\/p>\n<p style=\"text-align: center;\">&nbsp;<iframe loading=\"lazy\" style=\"border: 0;\" src=\"https:\/\/www.google.com\/maps\/embed?pb=!1m14!1m8!1m3!1d85943.8565460532!2d16.687674658300793!3d47.68936196775557!3m2!1i1024!2i768!4f13.1!3m3!1m2!1s0x0%3A0xe0fa04c1711a8304!2sFert%C5%91-Hans%C3%A1g+Nemzeti+Park!5e0!3m2!1shu!2shu!4v1478636133654\" width=\"600\" height=\"450\" frameborder=\"0\" allowfullscreen=\"allowfullscreen\"><\/iframe><\/p>\n<p>Ziel des Projekts sei es, die Artenvielfalt in den beiden angrenzenden Nationalparks auf einer Fl\u00e4che von fast 40.000 Hektar zu erhalten, sagte er.<\/p>\n<p>Die EU werde 85 Prozent der Gesamtkosten des Projekts in H\u00f6he von 2,2 Millionen Euro bereitstellen, sagte er und f\u00fcgte hinzu, dass die H\u00e4lfte des Betrags f\u00fcr den ungarischen Raum ausgegeben werde.<\/p>\n","protected":false},"excerpt":{"rendered":"<p>Budapest, 8. November (MTI) \u2013 Ein grenz\u00fcberschreitendes Naturschutzprojekt wird in ungarisch-\u00f6sterreichischer Partnerschaft mit EU-Mitteln gestartet, sagten Beamte am Dienstag bei einer Projektstartveranstaltung im ungarischen Grenzdorf Sarrod. Das Projekt werde unter der Leitung der Nationalparkdirektion Fert.-Hans\u00e1g im Nordwesten Ungarns unter Beteiligung von drei \u00f6sterreichischen Partnerorganisationen, darunter dem Nationalpark Neusiedler See im Osten \u00d6sterreichs, durchgef\u00fchrt, sagte G\u00e1bor [&hellip;]<\/p>\n","protected":false},"author":2,"featured_media":753609,"comment_status":"open","ping_status":"open","sticky":false,"template":"","format":"standard","meta":{"_acf_changed":false,"_display_image":"","footnotes":""},"categories":[1098],"tags":[1066],"class_list":["post-753608","post","type-post","status-publish","format-standard","has-post-thumbnail","hentry","category-gesellschaft","tag-hungary"],"blocksy_meta":[],"acf":[],"author_username":"alk","telegram_post":"","public_post_metadata":{"breaking_news":"","important":"","csempe":"","center_tile":"","disable_thumbnail":"","target_lang":"","_featured_image_style":"","telegram_post":"","_xlat_group_id":""},"public_rank_math_data":{"title":"%title% %sep% %sitename%","description":"","focus_keyword":"Austria Ungarn","canonical_url":"","robots":"","primary_category":"1098","breadcrumb_title":"","facebook_title":"","facebook_description":"","facebook_image":"","facebook_image_id":"","twitter_title":"","twitter_description":"","twitter_image":"","twitter_image_id":"","twitter_card_type":"","twitter_use_facebook":"","advanced_robots":"","pillar_content":"","seo_score":"6","contentai_score":"","rich_snippet":""},"_links":{"self":[{"href":"https:\/\/dailynewshungary.com\/de\/wp-json\/wp\/v2\/posts\/753608","targetHints":{"allow":["GET"]}}],"collection":[{"href":"https:\/\/dailynewshungary.com\/de\/wp-json\/wp\/v2\/posts"}],"about":[{"href":"https:\/\/dailynewshungary.com\/de\/wp-json\/wp\/v2\/types\/post"}],"author":[{"embeddable":true,"href":"https:\/\/dailynewshungary.com\/de\/wp-json\/wp\/v2\/users\/2"}],"replies":[{"embeddable":true,"href":"https:\/\/dailynewshungary.com\/de\/wp-json\/wp\/v2\/comments?post=753608"}],"version-history":[{"count":0,"href":"https:\/\/dailynewshungary.com\/de\/wp-json\/wp\/v2\/posts\/753608\/revisions"}],"wp:featuredmedia":[{"embeddable":true,"href":"https:\/\/dailynewshungary.com\/de\/wp-json\/wp\/v2\/media\/753609"}],"wp:attachment":[{"href":"https:\/\/dailynewshungary.com\/de\/wp-json\/wp\/v2\/media?parent=753608"}],"wp:term":[{"taxonomy":"category","embeddable":true,"href":"https:\/\/dailynewshungary.com\/de\/wp-json\/wp\/v2\/categories?post=753608"},{"taxonomy":"post_tag","embeddable":true,"href":"https:\/\/dailynewshungary.com\/de\/wp-json\/wp\/v2\/tags?post=753608"}],"curies":[{"name":"wp","href":"https:\/\/api.w.org\/{rel}","templated":true}]}}