{"id":753725,"date":"2016-11-04T10:00:21","date_gmt":"2016-11-04T09:00:21","guid":{"rendered":"https:\/\/dailynewshungary.com\/de\/jobbik-ungarische-minister-machen-geschafte-mit-dem-verbrecher-pharaon\/"},"modified":"2016-11-04T10:00:21","modified_gmt":"2016-11-04T09:00:21","slug":"jobbik-ungarische-minister-machen-geschafte-mit-dem-verbrecher-pharaon","status":"publish","type":"post","link":"https:\/\/dailynewshungary.com\/de\/jobbik-ungarische-minister-machen-geschafte-mit-dem-verbrecher-pharaon\/","title":{"rendered":"Jobbik: Ungarische Minister machen Gesch\u00e4fte mit dem Verbrecher Pharaon"},"content":{"rendered":"<p><strong>In einer Rede im ungarischen Parlament kritisierte der Abgeordnete Jobbik M\u00e1rton Gy\u00f6ngy\u00f6si die Regierung daf\u00fcr, dass sie die zweifelhaften Angelegenheiten von Herrn Pharaon toleriere, einer Person, die von internationalen Polizeiorganisationen gesucht wird.<\/strong><\/p>\n<p>\u201cW\u00e4hrend es im vergangenen Jahr ausschlie\u00dflich um die Anti-Quoten-Kampagne und die rechtm\u00e4\u00dfigen Bem\u00fchungen zum Schutz unseres Heimatlandes ging, gab es immer mehr Nachrichtenberichte \u00fcber Gesch\u00e4ftsleute mit zweifelhaftem Hintergrund, die in Ungarn eine umfangreiche Gesch\u00e4ftst\u00e4tigkeit mit regierungsnahen Einzelpersonen oder sogar Regierungsmitgliedern betrieben,\u201d betonte Jobbik-Abgeordneter M\u00e1rton Gy\u00f6ngy\u00f6si in der Sitzung der Nationalversammlung am Mittwoch.<\/p>\n<p>In seiner Rede zu dringenden und aktuellen Themen erinnerte der Politiker die Abgeordneten daran, dass Ghaith Pharaon bereits vor zwei Jahrzehnten vom FBI gesucht worden sei und immer noch von Interpol gesucht werde. Herr Pharaon wurde vom franz\u00f6sischen Parlament mit der Finanzierung des Terrorismus in Verbindung gebracht, w\u00e4hrend die internationalen Medien ihn immer wieder als einen der meistgesuchten Wirtschaftskriminellen der Welt bezeichnen.<\/p>\n<p>Mit Unterst\u00fctzung der Regierung betreibt Herr Pharaon eine Gesch\u00e4ftst\u00e4tigkeit in Ungarn, einschlie\u00dflich des Kaufs denkmalgesch\u00fctzter Einrichtungen. Er ist Eigent\u00fcmer der Pal\u00e4ste Sereg\u00e9lyes und H.gy\u00e9sz, der K\u00fatv\u00f6lgyi-Villa in der unmittelbaren Nachbarschaft von Premierminister Orb\u00e1n sowie des Postabank-Geb\u00e4udes, das er von einem Unternehmen gekauft hat geh\u00f6rt Istv\u00e1n Tiborcz.<\/p>\n<p>Nach Ansicht von Gy\u00f6ngy\u00f6si haben offensichtlich mehrere Regierungsmitglieder Herrn Pharaons Gesch\u00e4fte in einem netzwerk\u00e4hnlichen Verein unterst\u00fctzt. Von den 11 Ministerien in Ungarn seien die folgenden 5 Minister direkt oder indirekt an der Unterst\u00fctzung der Gesch\u00e4ftst\u00e4tigkeit der Gesch\u00e4ftsleute beteiligt gewesen: Der Abgeordnete sagte<\/p>\n<p>\u2013 Kabinettschef des Premierministers Antal Rog\u00e1n, durch Einf\u00fchrung der Wohnsitzgarantien,<br \/>\n\u2013 Minister f\u00fcr ausw\u00e4rtige Angelegenheiten und Handel, P\u00e9ter Szijj\u00e1rt\u00f3, da das Ungarische Nationale Handelshaus ein Joint Venture mit einem Unternehmen von Herrn Pharaon unterh\u00e4lt<br \/>\n\u2013 Minister f\u00fcr Volkswirtschaft Mih\u00e1ly Varga, dessen Haushaltsantrag es Unternehmen erm\u00f6glicht, ihre Kosten f\u00fcr denkmalgesch\u00fctzte Einrichtungen von ihrer K\u00f6rperschaftssteuer bis zu 31 Mrd. HUF abzuschreiben<br \/>\n\u2013 Leiter des Informationsb\u00fcros J\u00e1nos L\u00e1z\u00e1r, der bestritt, von Herrn Pharaon geh\u00f6rt zu haben,<br \/>\n\u2013 und Innenminister S\u00e1ndor Pinteer, da die Beh\u00f6rden trotz der entsprechenden Informationen ihren Pflichten aus internationalen Vertr\u00e4gen nicht nachgekommen sind, indem sie Herrn Pharaon nicht verhaftet und nicht einmal gesucht haben.<\/p>\n","protected":false},"excerpt":{"rendered":"<p>In einer Rede im ungarischen Parlament kritisierte der Abgeordnete Jobbik M\u00e1rton Gy\u00f6ngy\u00f6si die Regierung daf\u00fcr, dass sie die zweifelhaften Angelegenheiten von Herrn Pharaon toleriere, einer Person, die von internationalen Polizeiorganisationen gesucht wird. \u201cW\u00e4hrend es im vergangenen Jahr ausschlie\u00dflich um die Anti-Quoten-Kampagne und die rechtm\u00e4\u00dfigen Bem\u00fchungen zum Schutz unseres Heimatlandes ging, gab es immer mehr Nachrichtenberichte [&hellip;]<\/p>\n","protected":false},"author":2,"featured_media":0,"comment_status":"open","ping_status":"open","sticky":false,"template":"","format":"standard","meta":{"_acf_changed":false,"_display_image":"","footnotes":""},"categories":[1281],"tags":[1091,3605,1632,1128],"class_list":["post-753725","post","type-post","status-publish","format-standard","hentry","category-geschaft","tag-fidesz","tag-interpol","tag-jobbik","tag-viktor-orban"],"blocksy_meta":[],"acf":[],"author_username":"alk","telegram_post":"","public_post_metadata":{"breaking_news":"","important":"","csempe":"","center_tile":"","disable_thumbnail":"","target_lang":"","_featured_image_style":"","telegram_post":"","_xlat_group_id":""},"public_rank_math_data":{"title":"%title% %sep% %sitename%","description":"","focus_keyword":"Gesch\u00e4ft","canonical_url":"","robots":"","primary_category":"1281","breadcrumb_title":"","facebook_title":"","facebook_description":"","facebook_image":"","facebook_image_id":"","twitter_title":"","twitter_description":"","twitter_image":"","twitter_image_id":"","twitter_card_type":"","twitter_use_facebook":"","advanced_robots":"","pillar_content":"","seo_score":"56","contentai_score":"","rich_snippet":""},"_links":{"self":[{"href":"https:\/\/dailynewshungary.com\/de\/wp-json\/wp\/v2\/posts\/753725","targetHints":{"allow":["GET"]}}],"collection":[{"href":"https:\/\/dailynewshungary.com\/de\/wp-json\/wp\/v2\/posts"}],"about":[{"href":"https:\/\/dailynewshungary.com\/de\/wp-json\/wp\/v2\/types\/post"}],"author":[{"embeddable":true,"href":"https:\/\/dailynewshungary.com\/de\/wp-json\/wp\/v2\/users\/2"}],"replies":[{"embeddable":true,"href":"https:\/\/dailynewshungary.com\/de\/wp-json\/wp\/v2\/comments?post=753725"}],"version-history":[{"count":0,"href":"https:\/\/dailynewshungary.com\/de\/wp-json\/wp\/v2\/posts\/753725\/revisions"}],"wp:attachment":[{"href":"https:\/\/dailynewshungary.com\/de\/wp-json\/wp\/v2\/media?parent=753725"}],"wp:term":[{"taxonomy":"category","embeddable":true,"href":"https:\/\/dailynewshungary.com\/de\/wp-json\/wp\/v2\/categories?post=753725"},{"taxonomy":"post_tag","embeddable":true,"href":"https:\/\/dailynewshungary.com\/de\/wp-json\/wp\/v2\/tags?post=753725"}],"curies":[{"name":"wp","href":"https:\/\/api.w.org\/{rel}","templated":true}]}}