{"id":753740,"date":"2016-11-03T17:06:21","date_gmt":"2016-11-03T16:06:21","guid":{"rendered":"https:\/\/dailynewshungary.com\/de\/ungarische-regierung-vorschlage-zum-umgang-mit-migration-an-die-slowakische-eu-ratsprasidentschaft-zu-unterbreiten-update\/"},"modified":"2016-11-03T17:06:21","modified_gmt":"2016-11-03T16:06:21","slug":"ungarische-regierung-vorschlage-zum-umgang-mit-migration-an-die-slowakische-eu-ratsprasidentschaft-zu-unterbreiten-update","status":"publish","type":"post","link":"https:\/\/dailynewshungary.com\/de\/ungarische-regierung-vorschlage-zum-umgang-mit-migration-an-die-slowakische-eu-ratsprasidentschaft-zu-unterbreiten-update\/","title":{"rendered":"Ungarische Regierung, Vorschl\u00e4ge zum Umgang mit Migration an die slowakische EU-Ratspr\u00e4sidentschaft zu unterbreiten. UPDATE \u2013"},"content":{"rendered":"<p><strong>Budapest, 3. November (MTI) \u2013 Die ungarische Regierung wird ihre Vorschl\u00e4ge zum Umgang mit illegaler Migration an die slowakische EU-Ratspr\u00e4sidentschaft senden, die einen Plan B zur L\u00f6sung der Krise vorbereitet, sagte Regierungsamtsleiter J\u00e1nos L\u00e1z\u00e1r am Donnerstag.<\/strong><\/p>\n<p>In seiner regelm\u00e4\u00dfigen w\u00f6chentlichen Pressekonferenz sagte L\u00e1z\u00e1r, die Kernpunkte der Empfehlungen seien, dass es keine obligatorischen Umsiedlungen geben d\u00fcrfe, dass das Schengen-Grenzkontrollsystem in Italien und Griechenland wiederhergestellt werden sollte und dass Ungarns Ausgaben f\u00fcr den Zaunbau als Teil davon anerkannt werden sollten seine \u201eSolidarit\u00e4ts-\u201cBem\u00fchungen.<\/p>\n<p>Um diesen \u201cKampf\u201d (gegen die Migration) weiter zu f\u00fchren, muss Ungarn seine Verfassung \u00e4ndern, und \u00fcber den Antrag dazu wird voraussichtlich am kommenden Dienstag, nach Abschluss der Kodifizierung des Gesetzentwurfs, von den Gesetzgebern abgestimmt werdenEr sagte, L\u00e1z\u00e1r dr\u00e4ngt alle oppositionellen Gesetzgeber, f\u00fcr die Verabschiedung des \u00c4nderungsantrags zu stimmen.<\/p>\n<p style=\"text-align: center;\">&nbsp;<iframe loading=\"lazy\" style=\"border: none; overflow: hidden;\" src=\"https:\/\/www.facebook.com\/plugins\/post.php?href=https%3A%2F%2Fwww.facebook.com%2Fdailynewshungary%2Fposts%2F1138632162839020&amp;width=500\" width=\"500\" height=\"526\" frameborder=\"0\" scrolling=\"no\"><\/iframe><\/p>\n<p>In einem Kommentar zu einem aktuellen Bericht des Europarates, in dem behauptet wird, dass die ungarischen Beh\u00f6rden Fl\u00fcchtlingen keine akzeptable Behandlung gew\u00e4hrt h\u00e4tten, sagte Lazar, die Regierung halte den Bericht f\u00fcr \u201ceine L\u00fcge\u201d \u201cDie gemeldeten Aussagen sind falsch\u201d, sagte L\u00e1z\u00e1r und f\u00fcgte hinzu, dass das Dokument politisch voreingenommen sei.<\/p>\n<h4>AKTUALISIEREN<\/h4>\n<p>Die Regierung habe das Justizministerium mehrfach gebeten, die Beschwerden Ungarns im Zusammenhang mit der Behandlung von Migranten zu pr\u00fcfen. Das Ministerium sagte, die Beschwerden und Aussagen seien unwahr, sagte er.<\/p>\n<p>L\u00e1z\u00e1r kommentierte unbest\u00e4tigte Presseberichte, dass die \u201eweit rechts stehende militante Gruppe\u201cangef\u00fchrt von dem Verd\u00e4chtigen bei der Erschie\u00dfung eines Polizisten in Nordwestungarn letzte Woche Trainings\u00fcbungen f\u00fcr russische Geheimdienstmitarbeiter organisiert habe, und sagte, diese Berichte sollten von gepr\u00fcft werden Der nationale Sicherheitsausschuss des Parlaments. Beamte des Innenministeriums m\u00fcssen den Ausschuss auch \u00fcber ihre eigenen Ergebnisse in dem Fall informieren, f\u00fcgte er hinzu.<\/p>\n<p style=\"text-align: center;\">[button link=\u201dhttps:\/\/dailynewshungary.com\/policeman-reported-shot-dead-ungary-newest-details-videos\/\u201d color=\u201dlightblue\u201d newwindow=\u201dyes\u201d] Verwandter Artikel: POLIZIST IN UNGARN ALS TOT GEMELDET (DIE NEUESTEN DETAILS, VIDEOS [\/button]<\/p>\n<p>Auf die Frage, ob gegen andere \u201cparamilit\u00e4rische\u201d Gruppen ermittelt w\u00fcrde, sagte L\u00e1z\u00e1r, dass der Staat das Gewaltmonopol wiedererlangt habe, als er die ungarische Nationalgarde, eine uniformierte rechtsextreme Bewegung, zusammen mit anderen paramilit\u00e4rischen radikalen Gruppen verbot. Das Innenministerium habe eine Belegschaft, die sich ausschlie\u00dflich der Verhinderung der Entstehung solcher Gruppen widmet, f\u00fcgte er hinzu.<\/p>\n<p>Als L\u00e1z\u00e1r eine Frage beantwortete, best\u00e4tigte er dies <a href=\"https:\/\/dailynewshungary.com\/de\/die-pressestelle-des-premierministers-weigert-sich-orbans-treffen-mit-theresa-may-zu-bestatigen\/\" target=\"_blank\">Die britische Premierministerin Theresa May hatte Premierminister Viktor Orb\u00e1n eingeladen<\/a> Bei einem Arbeitsbesuch im Vereinigten K\u00f6nigreich f\u00fcr kommenden Mittwoch Die beiden Regierungschefs sollen unter anderem \u00fcber Brexit, Migration und bilaterale Beziehungen diskutieren, sagte er.<\/p>\n<p>Um Stellungnahme gebeten<a href=\"https:\/\/dailynewshungary.com\/de\/ghaith-pharaon-wohnt-nicht-in-ungarn\/\" target=\"_blank\"> Der sogenannte Pharaon-Fall<\/a>best\u00e4tigte der Leiter des Regierungsb\u00fcros, dass der saudische Gesch\u00e4ftsmann Ghaith Pharaon am 24. Oktober 2014 bei der ungarischen Botschaft in Beirut ein ungarisches Visum beantragt hatte.<\/p>\n<p>Pharaon wird mit der Finanzierung des Terrorismus in Verbindung gebracht und angeblich vom FBI gesucht.<\/p>\n<p>L\u00e1z\u00e1r sagte, Ungarn habe sechs EU-L\u00e4nder gefragt, ob die Erteilung eines Visums f\u00fcr Pharaon ihren Interessen in irgendeiner Weise schaden w\u00fcrde, und habe auch die USA und Saudi-Arabien \u00fcber den Visumantrag informiert. Deutschland habe keine Einw\u00e4nde gehabt, w\u00e4hrend die USA und Saudi-Arabien noch nicht geantwortet h\u00e4tten \u201eDie ungarischen Beh\u00f6rden hatten daher keinen Zugang zu Informationen, auf deren Grundlage sie die Erteilung eines Visums f\u00fcr Pharaon h\u00e4tten ablehnen sollen, f\u00fcgte L\u00e1z\u00e1r hinzu.\u201cEr best\u00e4tigte, dass Pharaon Ungarn besucht hatte, nachdem er ein Visum erhalten hatte.\u201c\u201eEs sind mehrere Dinge unklar, was seine [Pharaons] Identit\u00e4t betrifft, aber das Verfassungsschutzamt und die Polizei arbeiten daran, diese zu r\u00e4umen, sagte L\u00e1z\u00e1r\u201d.<\/p>\n<p>Die Regierung ist k\u00fcrzlich wegen ihrer angeblichen Gesch\u00e4fte mit Pharaon von Oppositionsparteien in die Kritik geraten.<\/p>\n<p>Unter Berufung auf die fr\u00fcheren Kommentare des Premierministers zur Situation wies L\u00e1z\u00e1r darauf hin, dass die Aktivit\u00e4ten des Pharaon in Ungarn kein Risiko f\u00fcr die nationale Sicherheit darstellten.<\/p>\n<p>L\u00e1z\u00e1r sagte, der Grund, warum die ungarischen Beh\u00f6rden Pharaon nicht verhaftet h\u00e4tten, als er 2015 in Ungarn war, sei, dass Interpol Ungarn erst vor etwa sechs Monaten best\u00e4tigt habe, dass Pharaon auf seiner Fahndungsliste stehe. \u201eWenn er jetzt hierher k\u00e4me, w\u00fcrden wir ihn offensichtlich verhaften.\u201c\u201d, sagte L\u00e1z\u00e1r.<\/p>\n","protected":false},"excerpt":{"rendered":"<p>Budapest, 3. November (MTI) \u2013 Die ungarische Regierung wird ihre Vorschl\u00e4ge zum Umgang mit illegaler Migration an die slowakische EU-Ratspr\u00e4sidentschaft senden, die einen Plan B zur L\u00f6sung der Krise vorbereitet, sagte Regierungsamtsleiter J\u00e1nos L\u00e1z\u00e1r am Donnerstag. In seiner regelm\u00e4\u00dfigen w\u00f6chentlichen Pressekonferenz sagte L\u00e1z\u00e1r, die Kernpunkte der Empfehlungen seien, dass es keine obligatorischen Umsiedlungen geben d\u00fcrfe, [&hellip;]<\/p>\n","protected":false},"author":2,"featured_media":753741,"comment_status":"open","ping_status":"open","sticky":false,"template":"","format":"standard","meta":{"_acf_changed":false,"_display_image":"","footnotes":""},"categories":[1081],"tags":[1082,1445,1173,1157],"class_list":["post-753740","post","type-post","status-publish","format-standard","has-post-thumbnail","hentry","category-politik","tag-europaische-union","tag-migration","tag-slowakei","tag-vereinigte-staaten"],"blocksy_meta":[],"acf":[],"author_username":"alk","telegram_post":"","public_post_metadata":{"breaking_news":"","important":"","csempe":"","center_tile":"","disable_thumbnail":"","target_lang":"","_featured_image_style":"","telegram_post":"","_xlat_group_id":""},"public_rank_math_data":{"title":"%title% %sep% %sitename%","description":"","focus_keyword":"Migration","canonical_url":"","robots":"","primary_category":"1081","breadcrumb_title":"","facebook_title":"","facebook_description":"","facebook_image":"","facebook_image_id":"","twitter_title":"","twitter_description":"","twitter_image":"","twitter_image_id":"","twitter_card_type":"","twitter_use_facebook":"","advanced_robots":"","pillar_content":"","seo_score":"57","contentai_score":"","rich_snippet":""},"_links":{"self":[{"href":"https:\/\/dailynewshungary.com\/de\/wp-json\/wp\/v2\/posts\/753740","targetHints":{"allow":["GET"]}}],"collection":[{"href":"https:\/\/dailynewshungary.com\/de\/wp-json\/wp\/v2\/posts"}],"about":[{"href":"https:\/\/dailynewshungary.com\/de\/wp-json\/wp\/v2\/types\/post"}],"author":[{"embeddable":true,"href":"https:\/\/dailynewshungary.com\/de\/wp-json\/wp\/v2\/users\/2"}],"replies":[{"embeddable":true,"href":"https:\/\/dailynewshungary.com\/de\/wp-json\/wp\/v2\/comments?post=753740"}],"version-history":[{"count":0,"href":"https:\/\/dailynewshungary.com\/de\/wp-json\/wp\/v2\/posts\/753740\/revisions"}],"wp:featuredmedia":[{"embeddable":true,"href":"https:\/\/dailynewshungary.com\/de\/wp-json\/wp\/v2\/media\/753741"}],"wp:attachment":[{"href":"https:\/\/dailynewshungary.com\/de\/wp-json\/wp\/v2\/media?parent=753740"}],"wp:term":[{"taxonomy":"category","embeddable":true,"href":"https:\/\/dailynewshungary.com\/de\/wp-json\/wp\/v2\/categories?post=753740"},{"taxonomy":"post_tag","embeddable":true,"href":"https:\/\/dailynewshungary.com\/de\/wp-json\/wp\/v2\/tags?post=753740"}],"curies":[{"name":"wp","href":"https:\/\/api.w.org\/{rel}","templated":true}]}}