{"id":753746,"date":"2016-11-03T14:30:55","date_gmt":"2016-11-03T13:30:55","guid":{"rendered":"https:\/\/dailynewshungary.com\/de\/ungarn-unterstutzt-die-euroatlantische-integration-des-kosovo-sagt-hausredner\/"},"modified":"2016-11-03T14:30:55","modified_gmt":"2016-11-03T13:30:55","slug":"ungarn-unterstutzt-die-euroatlantische-integration-des-kosovo-sagt-hausredner","status":"publish","type":"post","link":"https:\/\/dailynewshungary.com\/de\/ungarn-unterstutzt-die-euroatlantische-integration-des-kosovo-sagt-hausredner\/","title":{"rendered":"Ungarn unterst\u00fctzt die euroatlantische Integration des Kosovo, sagt Hausredner"},"content":{"rendered":"<p><strong>Budapest, 3. November (MTI) \u2013 Ungarn unterst\u00fctzt die euroatlantische Integration des Kosovo und seine Aufnahme in internationale Institutionen, sagte der Sprecher des Repr\u00e4sentantenhauses, L\u00e1szl\u00f3 K\u00f6v\u00e9r, nachdem er am Donnerstag in Budapest Kadri Veseli, seinen kosovarischen Amtskollegen, getroffen hatte.<\/strong><\/p>\n<p>Als unabh\u00e4ngiger Staat, der Teil des westlichen Balkans ist, ist Kosovo ein wichtiger strategischer Partner f\u00fcr Ungarn, sagte K\u00f6v\u00e9r auf einer Pressekonferenz.<\/p>\n<p>Ungarn unterst\u00fctze auch die Liberalisierung der Visaregelungen f\u00fcr kosovarische Staatsangeh\u00f6rige, sagte er.<\/p>\n<p>K\u00f6v\u00e9r lobte hervorragende bilaterale Beziehungen und einen j\u00fcngsten Aufschwung des wechselseitigen Handels, Ungarn werde 50 kosovarischen Studenten, die eine ungarische Universit\u00e4t oder Hochschule besuchen, ein Stipendium gew\u00e4hren, sagte er.<\/p>\n<figure id=\"attachment_90635\" aria-describedby=\"caption-attachment-90635\" style=\"width: 1024px\" class=\"wp-caption aligncenter\"><img loading=\"lazy\" decoding=\"async\" class=\"wp-image-90635 size-large\" src=\"https:\/\/dailynewshungary.com\/wp-content\/uploads\/2016\/11\/DSZZS20161103208-1024x691.jpg\" alt=\"K\u00f6v\u00e9r L\u00e1szl\u00f3, az Orsz\u00e1ggyauers eln\u00f6ke (j) fogadja Kadri Veselit, ein koszovarischer Parlament, der 2016 az Orsz\u00e1gh\u00e1zban 2016. november 3-\u00e1n. MTI Fot\u00f3: Szigetv\u00e1ry Zsolt\" width=\"1024\" height=\"691\" srcset=\"https:\/\/contentf5.dailynewshungary.com\/wp-content\/uploads\/2016\/11\/DSZZS20161103208-1024x691.jpg 1024w, https:\/\/contentf5.dailynewshungary.com\/wp-content\/uploads\/2016\/11\/DSZZS20161103208-300x202.jpg 300w, https:\/\/contentf5.dailynewshungary.com\/wp-content\/uploads\/2016\/11\/DSZZS20161103208-768x518.jpg 768w, https:\/\/contentf5.dailynewshungary.com\/wp-content\/uploads\/2016\/11\/DSZZS20161103208-220x148.jpg 220w, https:\/\/contentf5.dailynewshungary.com\/wp-content\/uploads\/2016\/11\/DSZZS20161103208-610x411.jpg 610w, https:\/\/contentf5.dailynewshungary.com\/wp-content\/uploads\/2016\/11\/DSZZS20161103208-1080x729.jpg 1080w\" sizes=\"auto, (max-width: 1024px) 100vw, 1024px\"><figcaption id=\"caption-attachment-90635\" class=\"wp-caption-text\">Foto: MTI<\/figcaption><\/figure>\n<p>Veseli bedankte sich f\u00fcr die Unterst\u00fctzung Ungarns und bekr\u00e4ftigte das politische und wirtschaftliche Engagement seines Landes f\u00fcr die euroatlantische Integration.<\/p>\n<p><em>Foto: MTI<\/em><\/p>\n","protected":false},"excerpt":{"rendered":"<p>Budapest, 3. November (MTI) \u2013 Ungarn unterst\u00fctzt die euroatlantische Integration des Kosovo und seine Aufnahme in internationale Institutionen, sagte der Sprecher des Repr\u00e4sentantenhauses, L\u00e1szl\u00f3 K\u00f6v\u00e9r, nachdem er am Donnerstag in Budapest Kadri Veseli, seinen kosovarischen Amtskollegen, getroffen hatte. Als unabh\u00e4ngiger Staat, der Teil des westlichen Balkans ist, ist Kosovo ein wichtiger strategischer Partner f\u00fcr Ungarn, [&hellip;]<\/p>\n","protected":false},"author":2,"featured_media":753747,"comment_status":"open","ping_status":"open","sticky":false,"template":"","format":"standard","meta":{"_acf_changed":false,"_display_image":"","footnotes":""},"categories":[1081],"tags":[1243,1082,1746],"class_list":["post-753746","post","type-post","status-publish","format-standard","has-post-thumbnail","hentry","category-politik","tag-balkan","tag-europaische-union","tag-hausredner"],"blocksy_meta":[],"acf":[],"author_username":"alk","telegram_post":"","public_post_metadata":{"breaking_news":"","important":"","csempe":"","center_tile":"","disable_thumbnail":"","target_lang":"","_featured_image_style":"","telegram_post":"","_xlat_group_id":""},"public_rank_math_data":{"title":"%title% %sep% %sitename%","description":"","focus_keyword":"Kosovo","canonical_url":"","robots":"","primary_category":"1081","breadcrumb_title":"","facebook_title":"","facebook_description":"","facebook_image":"","facebook_image_id":"","twitter_title":"","twitter_description":"","twitter_image":"","twitter_image_id":"","twitter_card_type":"","twitter_use_facebook":"","advanced_robots":"","pillar_content":"","seo_score":"61","contentai_score":"","rich_snippet":""},"_links":{"self":[{"href":"https:\/\/dailynewshungary.com\/de\/wp-json\/wp\/v2\/posts\/753746","targetHints":{"allow":["GET"]}}],"collection":[{"href":"https:\/\/dailynewshungary.com\/de\/wp-json\/wp\/v2\/posts"}],"about":[{"href":"https:\/\/dailynewshungary.com\/de\/wp-json\/wp\/v2\/types\/post"}],"author":[{"embeddable":true,"href":"https:\/\/dailynewshungary.com\/de\/wp-json\/wp\/v2\/users\/2"}],"replies":[{"embeddable":true,"href":"https:\/\/dailynewshungary.com\/de\/wp-json\/wp\/v2\/comments?post=753746"}],"version-history":[{"count":0,"href":"https:\/\/dailynewshungary.com\/de\/wp-json\/wp\/v2\/posts\/753746\/revisions"}],"wp:featuredmedia":[{"embeddable":true,"href":"https:\/\/dailynewshungary.com\/de\/wp-json\/wp\/v2\/media\/753747"}],"wp:attachment":[{"href":"https:\/\/dailynewshungary.com\/de\/wp-json\/wp\/v2\/media?parent=753746"}],"wp:term":[{"taxonomy":"category","embeddable":true,"href":"https:\/\/dailynewshungary.com\/de\/wp-json\/wp\/v2\/categories?post=753746"},{"taxonomy":"post_tag","embeddable":true,"href":"https:\/\/dailynewshungary.com\/de\/wp-json\/wp\/v2\/tags?post=753746"}],"curies":[{"name":"wp","href":"https:\/\/api.w.org\/{rel}","templated":true}]}}