{"id":753758,"date":"2016-11-03T07:30:42","date_gmt":"2016-11-03T06:30:42","guid":{"rendered":"https:\/\/dailynewshungary.com\/de\/ungarische-regierung-keine-verringerung-des-migrationsdrucks-erwartet\/"},"modified":"2016-11-03T07:30:42","modified_gmt":"2016-11-03T06:30:42","slug":"ungarische-regierung-keine-verringerung-des-migrationsdrucks-erwartet","status":"publish","type":"post","link":"https:\/\/dailynewshungary.com\/de\/ungarische-regierung-keine-verringerung-des-migrationsdrucks-erwartet\/","title":{"rendered":"Ungarische Regierung: Keine Verringerung des Migrationsdrucks erwartet"},"content":{"rendered":"<p><strong>\u201cWir sehen keinen Grund, der in naher Zukunft eine Verringerung des Migrationsdrucks zur Folge h\u00e4tte\u201d, sagte Gy\u00f6rgy Bakondi Chief Security Advisor des Premierministers auf einer Pressekonferenz in Budapest.<\/strong><\/p>\n<p>\u201eNach der Entscheidung der Grenzschutzbeh\u00f6rde der Europ\u00e4ischen Union Frontex Mitte Oktober in Warschau, f\u00fcr die Ungarn nicht gestimmt hat, werden nur f\u00fcnfhundert der 1500 Mann starken EU-Grenz- und K\u00fcstenwache tats\u00e4chlich Grenzschutzaufgaben wahrnehmen.\u201c\u201d, bemerkte Herr Bakondi.<\/p>\n<p>Dies zeige, dass die Priorit\u00e4t \u201cnicht der Schutz sei, sondern die Registrierung und Befragung von Personen, die ankommen, und die Teilnahme an ihrer Umleitung, falls eine Entscheidung getroffen wird\u201d, so wie die geplante Anzahl von Schiffen ebenfalls nur in der Lage sein werde, Personen zu retten, die auf dem Seeweg ankommen\u201d, f\u00fcgte er hinzu.<\/p>\n<p>Der Standpunkt der ungarischen Regierung ist weiterhin, dass die Au\u00dfengrenzen der Europ\u00e4ischen Union gesch\u00fctzt, EU-Vorschriften durchgesetzt werden m\u00fcssen und \u201ewir dem Zustand ein Ende setzen m\u00fcssen, der dazu gef\u00fchrt hat, dass Millionen Menschen unbekannter Identit\u00e4t die Grenze \u00fcberschritten haben.\u201cund ohne jegliche Kontrolle in das Gebiet der Europ\u00e4ischen Union eingereist\u201d, erkl\u00e4rte er.<\/p>\n<blockquote>\n<p>\u201cDie innere Sicherheit der EU und ihrer Mitgliedstaaten ist ohne entsprechend starre Grenzkontrollen nicht zu erreichen\u201d, betonte er.<\/p>\n<\/blockquote>\n<p>\u201cUngarn hat ein begr\u00fcndetes Interesse an einer R\u00fcckkehr zum Schengen-System, denn nach der letzten Sitzung des Rates der Europ\u00e4ischen Union ist klar, dass dies nicht bis zum Stichtag 15. November geschehen wird\u201d, erkl\u00e4rte er.<\/p>\n<figure id=\"attachment_90519\" aria-describedby=\"caption-attachment-90519\" style=\"width: 1024px\" class=\"wp-caption aligncenter\"><img loading=\"lazy\" decoding=\"async\" class=\"size-large wp-image-90519\" src=\"https:\/\/dailynewshungary.com\/wp-content\/uploads\/2016\/11\/DMOHA20161102005-1024x683.jpg\" alt=\"Foto: MTI\" width=\"1024\" height=\"683\" srcset=\"https:\/\/contentf5.dailynewshungary.com\/wp-content\/uploads\/2016\/11\/DMOHA20161102005-1024x683.jpg 1024w, https:\/\/contentf5.dailynewshungary.com\/wp-content\/uploads\/2016\/11\/DMOHA20161102005-300x200.jpg 300w, https:\/\/contentf5.dailynewshungary.com\/wp-content\/uploads\/2016\/11\/DMOHA20161102005-768x512.jpg 768w, https:\/\/contentf5.dailynewshungary.com\/wp-content\/uploads\/2016\/11\/DMOHA20161102005-220x147.jpg 220w, https:\/\/contentf5.dailynewshungary.com\/wp-content\/uploads\/2016\/11\/DMOHA20161102005-610x407.jpg 610w, https:\/\/contentf5.dailynewshungary.com\/wp-content\/uploads\/2016\/11\/DMOHA20161102005-1080x720.jpg 1080w\" sizes=\"auto, (max-width: 1024px) 100vw, 1024px\"><figcaption id=\"caption-attachment-90519\" class=\"wp-caption-text\">Foto: MTI<\/figcaption><\/figure>\n<p>Herr Bakondi hob hervor, dass es wichtige konzeptionelle Unterschiede zwischen Br\u00fcssel, Griechenland und Italien sowie den anderen Mitgliedstaaten gebe, da sowohl Athen als auch Roma ein Interesse an einer fr\u00fchestm\u00f6glichen Umverteilung der illegalen Einwanderer h\u00e4tten, die in ihren L\u00e4ndern ankommen, w\u00e4hrend sie in Br\u00fcssel \u201eDer Schwerpunkt liegt weiterhin auf den Quoten\u201c.<\/p>\n<p>\u201eLautlich gibt es innerhalb der Europ\u00e4ischen Union gleichzeitig Debatten \u00fcber die Ziele, die anzuwendenden Mittel und \u00fcber Grunds\u00e4tze, etwa dar\u00fcber, ob Ungarn entlang seines Abschnitts der Schengen-Grenze gesch\u00e4tzte Kosten von 150 Milliarden Forint (490 Mio. EUR) verursacht.\u201cbisher kann man als Solidarit\u00e4t angesehen werden\u201d, sagte er.<\/p>\n<p>\u201cJeder Nationalstaat der Europ\u00e4ischen Union hat begonnen, sich vor illegaler Migration und den damit verbundenen negativen Auswirkungen zu sch\u00fctzen\u201d, f\u00fcgte Herr Bakondi hinzu und stellte fest, dass acht L\u00e4nder die Kontrollen an den Binnengrenzen wieder eingef\u00fchrt und einige ihre Geheimdienste, Polizeikr\u00e4fte und Armeen verst\u00e4rkt haben.<\/p>\n<p>In Bezug auf das vom derzeitigen Inhaber der EU-Ratspr\u00e4sidentschaft in Vorbereitung befindliche Dokument wies Herr Bakondi darauf hin, dass der Vorschlag der slowakischen Ratspr\u00e4sidentschaft, welche andere L\u00f6sung anstelle des Quotensystems gefunden werden k\u00f6nnte, das der Sicherheit der Menschen in Europa dient, wird mit gro\u00dfen Erwartungen erwartet.<\/p>\n<p><em>Foto: MTI<\/em><\/p>\n","protected":false},"excerpt":{"rendered":"<p>\u201cWir sehen keinen Grund, der in naher Zukunft eine Verringerung des Migrationsdrucks zur Folge h\u00e4tte\u201d, sagte Gy\u00f6rgy Bakondi Chief Security Advisor des Premierministers auf einer Pressekonferenz in Budapest. \u201eNach der Entscheidung der Grenzschutzbeh\u00f6rde der Europ\u00e4ischen Union Frontex Mitte Oktober in Warschau, f\u00fcr die Ungarn nicht gestimmt hat, werden nur f\u00fcnfhundert der 1500 Mann starken EU-Grenz- [&hellip;]<\/p>\n","protected":false},"author":2,"featured_media":753759,"comment_status":"open","ping_status":"open","sticky":false,"template":"","format":"standard","meta":{"_acf_changed":false,"_display_image":"","footnotes":""},"categories":[1081],"tags":[1082,1445,1236,1299],"class_list":["post-753758","post","type-post","status-publish","format-standard","has-post-thumbnail","hentry","category-politik","tag-europaische-union","tag-migration","tag-polizei","tag-schengen"],"blocksy_meta":[],"acf":[],"author_username":"alk","telegram_post":"","public_post_metadata":{"breaking_news":"","important":"","csempe":"","center_tile":"","disable_thumbnail":"","target_lang":"","_featured_image_style":"","telegram_post":"","_xlat_group_id":""},"public_rank_math_data":{"title":"%title% %sep% %sitename%","description":"","focus_keyword":"Migration","canonical_url":"","robots":"","primary_category":"1081","breadcrumb_title":"","facebook_title":"","facebook_description":"","facebook_image":"","facebook_image_id":"","twitter_title":"","twitter_description":"","twitter_image":"","twitter_image_id":"","twitter_card_type":"","twitter_use_facebook":"","advanced_robots":"","pillar_content":"","seo_score":"52","contentai_score":"","rich_snippet":""},"_links":{"self":[{"href":"https:\/\/dailynewshungary.com\/de\/wp-json\/wp\/v2\/posts\/753758","targetHints":{"allow":["GET"]}}],"collection":[{"href":"https:\/\/dailynewshungary.com\/de\/wp-json\/wp\/v2\/posts"}],"about":[{"href":"https:\/\/dailynewshungary.com\/de\/wp-json\/wp\/v2\/types\/post"}],"author":[{"embeddable":true,"href":"https:\/\/dailynewshungary.com\/de\/wp-json\/wp\/v2\/users\/2"}],"replies":[{"embeddable":true,"href":"https:\/\/dailynewshungary.com\/de\/wp-json\/wp\/v2\/comments?post=753758"}],"version-history":[{"count":0,"href":"https:\/\/dailynewshungary.com\/de\/wp-json\/wp\/v2\/posts\/753758\/revisions"}],"wp:featuredmedia":[{"embeddable":true,"href":"https:\/\/dailynewshungary.com\/de\/wp-json\/wp\/v2\/media\/753759"}],"wp:attachment":[{"href":"https:\/\/dailynewshungary.com\/de\/wp-json\/wp\/v2\/media?parent=753758"}],"wp:term":[{"taxonomy":"category","embeddable":true,"href":"https:\/\/dailynewshungary.com\/de\/wp-json\/wp\/v2\/categories?post=753758"},{"taxonomy":"post_tag","embeddable":true,"href":"https:\/\/dailynewshungary.com\/de\/wp-json\/wp\/v2\/tags?post=753758"}],"curies":[{"name":"wp","href":"https:\/\/api.w.org\/{rel}","templated":true}]}}