{"id":753779,"date":"2016-11-02T11:00:39","date_gmt":"2016-11-02T10:00:39","guid":{"rendered":"https:\/\/dailynewshungary.com\/de\/ungarn-erhalt-beobachterstatus-in-der-gemeinschaft-portugiesischsprachiger-lander\/"},"modified":"2016-11-02T11:00:39","modified_gmt":"2016-11-02T10:00:39","slug":"ungarn-erhalt-beobachterstatus-in-der-gemeinschaft-portugiesischsprachiger-lander","status":"publish","type":"post","link":"https:\/\/dailynewshungary.com\/de\/ungarn-erhalt-beobachterstatus-in-der-gemeinschaft-portugiesischsprachiger-lander\/","title":{"rendered":"Ungarn erh\u00e4lt Beobachterstatus in der Gemeinschaft portugiesischsprachiger L\u00e4nder"},"content":{"rendered":"<p><strong>Budapest (MTI) \u201eUngarn wurde der Status eines assoziierten Beobachters in der Gemeinschaft Portugiesischsprachiger L\u00e4nder (CPLP) gew\u00e4hrt, teilte das Au\u00dfenministerium am Dienstag mit.<\/strong><\/p>\n<p>Die Gemeinschaft stimmte auf ihrem 11. Gipfel vom 31. Oktober bis November in Brasilia daf\u00fcr, Ungarn den Status zu verleihen. 1, sagte das Ministerium in einer Erkl\u00e4rung und f\u00fcgte hinzu, dass dies eine internationale Anerkennung der Politik der Regierung zur \u00d6ffnung des S\u00fcdens darstelle.<\/p>\n<p>Die Mitgliedschaft Ungarns als Beobachterstaat in der Gemeinschaft werde seine Zusammenarbeit mit den CPLP-Mitgliedstaaten unterst\u00fctzen und die F\u00e4higkeit des Landes, seine wirtschaftlichen Interessen auf der internationalen B\u00fchne durchzusetzen, weiter st\u00e4rken, sagte das Ministerium.<\/p>\n<p>In den vergangenen Jahren habe die CPLP ihren Schwerpunkt verst\u00e4rkt auf die wirtschaftliche Zusammenarbeit gelegt, f\u00fcgte das Ministerium hinzuEin Grund insbesondere, warum der Beobachterstatus Ungarns f\u00fcr die Wirtschaftsakteure des Landes von Vorteil sein wird, liegt darin, dass bei der Bewertung von Antr\u00e4gen im Zusammenhang mit multilateralen Initiativen die von Beobachterl\u00e4ndern abgegebenen Gebote gegen\u00fcber denen aus Drittl\u00e4ndern bevorzugt werdenf\u00fcgte die Erkl\u00e4rung hinzu.<\/p>\n<p>Die CPLP wurde 1996 mit dem Ziel gegr\u00fcndet, die politischen und wirtschaftlichen Beziehungen zwischen den portugiesischsprachigen L\u00e4ndern zu vertiefen, die Gemeinschaft hat neun Mitglieder und zehn L\u00e4nder haben einen assoziierten Beobachterstatus in der Organisation, au\u00dferdem erhielten die Tschechische Republik, die Slowakei und Uruguay einen assoziierten Beobachterstatus auf dem Brasilia-Gipfel.<\/p>\n<p><em>Foto: www.facebook.com\/CPLP<\/em><\/p>\n","protected":false},"excerpt":{"rendered":"<p>Budapest (MTI) \u201eUngarn wurde der Status eines assoziierten Beobachters in der Gemeinschaft Portugiesischsprachiger L\u00e4nder (CPLP) gew\u00e4hrt, teilte das Au\u00dfenministerium am Dienstag mit. Die Gemeinschaft stimmte auf ihrem 11. Gipfel vom 31. Oktober bis November in Brasilia daf\u00fcr, Ungarn den Status zu verleihen. 1, sagte das Ministerium in einer Erkl\u00e4rung und f\u00fcgte hinzu, dass dies eine [&hellip;]<\/p>\n","protected":false},"author":7,"featured_media":753780,"comment_status":"open","ping_status":"open","sticky":false,"template":"","format":"standard","meta":{"_acf_changed":false,"_display_image":"","footnotes":""},"categories":[1281],"tags":[1470,1468],"class_list":["post-753779","post","type-post","status-publish","format-standard","has-post-thumbnail","hentry","category-geschaft","tag-ausenministerium-fur-ungarn","tag-sprache"],"blocksy_meta":[],"acf":[],"author_username":"Szandi","telegram_post":"","public_post_metadata":{"breaking_news":"","important":"","csempe":"","center_tile":"","disable_thumbnail":"","target_lang":"","_featured_image_style":"","telegram_post":"","_xlat_group_id":""},"public_rank_math_data":{"title":"%title% %sep% %sitename%","description":"","focus_keyword":"CPLP","canonical_url":"","robots":"","primary_category":"1281","breadcrumb_title":"","facebook_title":"","facebook_description":"","facebook_image":"","facebook_image_id":"","twitter_title":"","twitter_description":"","twitter_image":"","twitter_image_id":"","twitter_card_type":"","twitter_use_facebook":"","advanced_robots":"","pillar_content":"","seo_score":"14","contentai_score":"","rich_snippet":""},"_links":{"self":[{"href":"https:\/\/dailynewshungary.com\/de\/wp-json\/wp\/v2\/posts\/753779","targetHints":{"allow":["GET"]}}],"collection":[{"href":"https:\/\/dailynewshungary.com\/de\/wp-json\/wp\/v2\/posts"}],"about":[{"href":"https:\/\/dailynewshungary.com\/de\/wp-json\/wp\/v2\/types\/post"}],"author":[{"embeddable":true,"href":"https:\/\/dailynewshungary.com\/de\/wp-json\/wp\/v2\/users\/7"}],"replies":[{"embeddable":true,"href":"https:\/\/dailynewshungary.com\/de\/wp-json\/wp\/v2\/comments?post=753779"}],"version-history":[{"count":0,"href":"https:\/\/dailynewshungary.com\/de\/wp-json\/wp\/v2\/posts\/753779\/revisions"}],"wp:featuredmedia":[{"embeddable":true,"href":"https:\/\/dailynewshungary.com\/de\/wp-json\/wp\/v2\/media\/753780"}],"wp:attachment":[{"href":"https:\/\/dailynewshungary.com\/de\/wp-json\/wp\/v2\/media?parent=753779"}],"wp:term":[{"taxonomy":"category","embeddable":true,"href":"https:\/\/dailynewshungary.com\/de\/wp-json\/wp\/v2\/categories?post=753779"},{"taxonomy":"post_tag","embeddable":true,"href":"https:\/\/dailynewshungary.com\/de\/wp-json\/wp\/v2\/tags?post=753779"}],"curies":[{"name":"wp","href":"https:\/\/api.w.org\/{rel}","templated":true}]}}