{"id":753823,"date":"2016-10-30T21:00:25","date_gmt":"2016-10-30T20:00:25","guid":{"rendered":"https:\/\/dailynewshungary.com\/de\/szijjarto-ungarn-verteidigt-sich-gegen-defizit-und-illegale-migration\/"},"modified":"2016-10-30T21:00:25","modified_gmt":"2016-10-30T20:00:25","slug":"szijjarto-ungarn-verteidigt-sich-gegen-defizit-und-illegale-migration","status":"publish","type":"post","link":"https:\/\/dailynewshungary.com\/de\/szijjarto-ungarn-verteidigt-sich-gegen-defizit-und-illegale-migration\/","title":{"rendered":"Szijj\u00e1rt\u00f3: Ungarn verteidigt sich gegen Defizit und illegale Migration"},"content":{"rendered":"<p><strong>Budapest, 30. Oktober (MTI) \u201eItalien steht vor Problemen mit den \u00f6ffentlichen Finanzen und der Herausforderung der illegalen Migration, aber Ungarn kann sich gegen beides verteidigen, sagte Au\u00dfenminister P\u00e9ter Szijj\u00e1rt\u00f3 am Sonntag gegen\u00fcber MTI als Reaktion auf eine aktuelle Bemerkung des italienischen Premierministers Matteo Renzi.<\/strong><\/p>\n<p>Renzi sagte am Samstag bei einer Wahlkundgebung, dass Premierminister Viktor Orb\u00e1n und alle L\u00e4nder, die \u201eaus einer anderen Geschichte als unserer hervorgegangen sind\u201cnicht vergessen sollten, dass Italien ein Nettozahler der Europ\u00e4ischen Union ist und sich daf\u00fcr einsetzt, die Freiheit f\u00fcr alle zu garantieren, die sie verloren haben. Renzi sagte, Orb\u00e1n solle \u201eseinen Mund auswaschen, bevor er \u00fcber Italien spricht\u201d<\/p>\n<p>Anfang dieser Woche sagte Renzi, Ungarn solle seine EU-Mittel k\u00fcrzen, wenn es sich weigere, eine angemessene Quote an Migranten aufzunehmen, worauf Orban antwortete, dass das Problem Italien selbst sei und Renzi \u201eguten Grund zur Verklemmung\u201chabe, und verwies auf die Haushaltszw\u00e4nge Italiens und die Welle der Migranten, die an seinen K\u00fcsten ankommen.<\/p>\n<p>\u201cUngarn kann sich gegen beide wehren, gibt aber zu, dass es keine leichte Aufgabe ist\u201d, sagte Szijj\u00e1rt\u00f3 in einer Erkl\u00e4rung.<\/p>\n<p>Ungarn brauche \u201ckeine Almosen\u201d von den Italienern, sagte er und f\u00fcgte hinzu, dass die EU-Mittel im Rahmen g\u00fcltiger Abkommen in Ungarn ankommen Er stellte fest, dass Ungarn mit seinem EU-Beitritt M\u00e4rkte f\u00fcr Westeuropa ge\u00f6ffnet habe, auch f\u00fcr italienische Unternehmen, aus denen sie \u201cernsthafte Gewinne\u201d machen.<\/p>\n<p>Ungarn verlange von Italien nichts anderes, als die europ\u00e4ischen Vertr\u00e4ge einzuhalten und seine Grenzen vor illegaler Einwanderung zu verteidigen, sagte Szijj\u00e1rt\u00f3.<\/p>\n","protected":false},"excerpt":{"rendered":"<p>Budapest, 30. Oktober (MTI) \u201eItalien steht vor Problemen mit den \u00f6ffentlichen Finanzen und der Herausforderung der illegalen Migration, aber Ungarn kann sich gegen beides verteidigen, sagte Au\u00dfenminister P\u00e9ter Szijj\u00e1rt\u00f3 am Sonntag gegen\u00fcber MTI als Reaktion auf eine aktuelle Bemerkung des italienischen Premierministers Matteo Renzi. Renzi sagte am Samstag bei einer Wahlkundgebung, dass Premierminister Viktor Orb\u00e1n [&hellip;]<\/p>\n","protected":false},"author":7,"featured_media":753824,"comment_status":"open","ping_status":"open","sticky":false,"template":"","format":"standard","meta":{"_acf_changed":false,"_display_image":"","footnotes":""},"categories":[1081],"tags":[1470,1082,1445],"class_list":["post-753823","post","type-post","status-publish","format-standard","has-post-thumbnail","hentry","category-politik","tag-ausenministerium-fur-ungarn","tag-europaische-union","tag-migration"],"blocksy_meta":[],"acf":[],"author_username":"Szandi","telegram_post":"","public_post_metadata":{"breaking_news":"","important":"","csempe":"","center_tile":"","disable_thumbnail":"","target_lang":"","_featured_image_style":"","telegram_post":"","_xlat_group_id":""},"public_rank_math_data":{"title":"%title% %sep% %sitename%","description":"","focus_keyword":"Verteidigung verteidigen","canonical_url":"","robots":"","primary_category":"1081","breadcrumb_title":"","facebook_title":"","facebook_description":"","facebook_image":"","facebook_image_id":"","twitter_title":"","twitter_description":"","twitter_image":"","twitter_image_id":"","twitter_card_type":"","twitter_use_facebook":"","advanced_robots":"","pillar_content":"","seo_score":"57","contentai_score":"","rich_snippet":""},"_links":{"self":[{"href":"https:\/\/dailynewshungary.com\/de\/wp-json\/wp\/v2\/posts\/753823","targetHints":{"allow":["GET"]}}],"collection":[{"href":"https:\/\/dailynewshungary.com\/de\/wp-json\/wp\/v2\/posts"}],"about":[{"href":"https:\/\/dailynewshungary.com\/de\/wp-json\/wp\/v2\/types\/post"}],"author":[{"embeddable":true,"href":"https:\/\/dailynewshungary.com\/de\/wp-json\/wp\/v2\/users\/7"}],"replies":[{"embeddable":true,"href":"https:\/\/dailynewshungary.com\/de\/wp-json\/wp\/v2\/comments?post=753823"}],"version-history":[{"count":0,"href":"https:\/\/dailynewshungary.com\/de\/wp-json\/wp\/v2\/posts\/753823\/revisions"}],"wp:featuredmedia":[{"embeddable":true,"href":"https:\/\/dailynewshungary.com\/de\/wp-json\/wp\/v2\/media\/753824"}],"wp:attachment":[{"href":"https:\/\/dailynewshungary.com\/de\/wp-json\/wp\/v2\/media?parent=753823"}],"wp:term":[{"taxonomy":"category","embeddable":true,"href":"https:\/\/dailynewshungary.com\/de\/wp-json\/wp\/v2\/categories?post=753823"},{"taxonomy":"post_tag","embeddable":true,"href":"https:\/\/dailynewshungary.com\/de\/wp-json\/wp\/v2\/tags?post=753823"}],"curies":[{"name":"wp","href":"https:\/\/api.w.org\/{rel}","templated":true}]}}