{"id":753932,"date":"2016-10-26T12:00:38","date_gmt":"2016-10-26T10:00:38","guid":{"rendered":"https:\/\/dailynewshungary.com\/de\/die-regierung-einigt-sich-mit-der-eg-auf-einen-streit-uber-strasenausschreibungen\/"},"modified":"2016-10-26T12:00:38","modified_gmt":"2016-10-26T10:00:38","slug":"die-regierung-einigt-sich-mit-der-eg-auf-einen-streit-uber-strasenausschreibungen","status":"publish","type":"post","link":"https:\/\/dailynewshungary.com\/de\/die-regierung-einigt-sich-mit-der-eg-auf-einen-streit-uber-strasenausschreibungen\/","title":{"rendered":"Die Regierung einigt sich mit der EG auf einen Streit \u00fcber Stra\u00dfenausschreibungen"},"content":{"rendered":"<p><strong>Budapest (MTI) \u2013 Am 24. Oktober erhielt Ungarn 176 Milliarden Forint (570 Mio. EUR) an F\u00f6rdermitteln von der Europ\u00e4ischen Union, die aufgrund eines Streits \u00fcber Stra\u00dfenbauausschreibungen zur\u00fcckgehalten worden waren, teilte das B\u00fcro des Premierministers am Dienstag in einer Erkl\u00e4rung mit.<\/strong><\/p>\n<p>Infolgedessen sei der \u201cAsphaltfall\u201d beigelegt, hei\u00dft es in der Erkl\u00e4rung von Staatssekret\u00e4r N\u00e1ndor Csepreghy und f\u00fcgte hinzu, dass der Streit nicht zum Verlust von EU-Mitteln f\u00fcr Ungarn gef\u00fchrt habe.<\/p>\n<p>Im Juni sagte Janos Lazar, der Leiter des B\u00fcros des Ministerpr\u00e4sidenten, die Europ\u00e4ische Kommission habe eine 48 Milliarden Forint Strafe f\u00fcr Ungarn im Zusammenhang mit den Ausschreibungen beschlossenDie H\u00f6he wurde nach \u201clangen, langen Diskussionen und Verhandlungen\u201d vereinbartf\u00fcgte er hinzu.<\/p>\n<p>Ungarn musste die Strafe f\u00fcr die Praxis zahlen, von Bietern bei Stra\u00dfenbauausschreibungen zu verlangen, dass sie \u00fcber Asphalteinheiten in unmittelbarer N\u00e4he von Projekten verf\u00fcgen.<\/p>\n<p><em>Foto: MTI<\/em><\/p>\n","protected":false},"excerpt":{"rendered":"<p>Budapest (MTI) \u2013 Am 24. Oktober erhielt Ungarn 176 Milliarden Forint (570 Mio. EUR) an F\u00f6rdermitteln von der Europ\u00e4ischen Union, die aufgrund eines Streits \u00fcber Stra\u00dfenbauausschreibungen zur\u00fcckgehalten worden waren, teilte das B\u00fcro des Premierministers am Dienstag in einer Erkl\u00e4rung mit. Infolgedessen sei der \u201cAsphaltfall\u201d beigelegt, hei\u00dft es in der Erkl\u00e4rung von Staatssekret\u00e4r N\u00e1ndor Csepreghy und [&hellip;]<\/p>\n","protected":false},"author":2,"featured_media":753933,"comment_status":"open","ping_status":"open","sticky":false,"template":"","format":"standard","meta":{"_acf_changed":false,"_display_image":"","footnotes":""},"categories":[1281],"tags":[1082,1104],"class_list":["post-753932","post","type-post","status-publish","format-standard","has-post-thumbnail","hentry","category-geschaft","tag-europaische-union","tag-wirtschaft"],"blocksy_meta":[],"acf":[],"author_username":"alk","telegram_post":"","public_post_metadata":{"breaking_news":"","important":"","csempe":"","center_tile":"","disable_thumbnail":"","target_lang":"","_featured_image_style":"","telegram_post":"","_xlat_group_id":""},"public_rank_math_data":{"title":"%title% %sep% %sitename%","description":"","focus_keyword":"Europ\u00e4ische Union","canonical_url":"","robots":"","primary_category":"1281","breadcrumb_title":"","facebook_title":"","facebook_description":"","facebook_image":"","facebook_image_id":"","twitter_title":"","twitter_description":"","twitter_image":"","twitter_image_id":"","twitter_card_type":"","twitter_use_facebook":"","advanced_robots":"","pillar_content":"","seo_score":"11","contentai_score":"","rich_snippet":""},"_links":{"self":[{"href":"https:\/\/dailynewshungary.com\/de\/wp-json\/wp\/v2\/posts\/753932","targetHints":{"allow":["GET"]}}],"collection":[{"href":"https:\/\/dailynewshungary.com\/de\/wp-json\/wp\/v2\/posts"}],"about":[{"href":"https:\/\/dailynewshungary.com\/de\/wp-json\/wp\/v2\/types\/post"}],"author":[{"embeddable":true,"href":"https:\/\/dailynewshungary.com\/de\/wp-json\/wp\/v2\/users\/2"}],"replies":[{"embeddable":true,"href":"https:\/\/dailynewshungary.com\/de\/wp-json\/wp\/v2\/comments?post=753932"}],"version-history":[{"count":0,"href":"https:\/\/dailynewshungary.com\/de\/wp-json\/wp\/v2\/posts\/753932\/revisions"}],"wp:featuredmedia":[{"embeddable":true,"href":"https:\/\/dailynewshungary.com\/de\/wp-json\/wp\/v2\/media\/753933"}],"wp:attachment":[{"href":"https:\/\/dailynewshungary.com\/de\/wp-json\/wp\/v2\/media?parent=753932"}],"wp:term":[{"taxonomy":"category","embeddable":true,"href":"https:\/\/dailynewshungary.com\/de\/wp-json\/wp\/v2\/categories?post=753932"},{"taxonomy":"post_tag","embeddable":true,"href":"https:\/\/dailynewshungary.com\/de\/wp-json\/wp\/v2\/tags?post=753932"}],"curies":[{"name":"wp","href":"https:\/\/api.w.org\/{rel}","templated":true}]}}