{"id":753958,"date":"2016-10-25T12:20:01","date_gmt":"2016-10-25T10:20:01","guid":{"rendered":"https:\/\/dailynewshungary.com\/de\/burgermeister-von-budapest-wien-gedenken-des-jahres-1956\/"},"modified":"2016-10-25T12:20:01","modified_gmt":"2016-10-25T10:20:01","slug":"burgermeister-von-budapest-wien-gedenken-des-jahres-1956","status":"publish","type":"post","link":"https:\/\/dailynewshungary.com\/de\/burgermeister-von-budapest-wien-gedenken-des-jahres-1956\/","title":{"rendered":"B\u00fcrgermeister von Budapest, Wien gedenken des Jahres 1956"},"content":{"rendered":"<p><strong>Wien (MTI) \u2013 Budapest B\u00fcrgermeister Istv\u00e1n Tarl\u00f3s und sein Wiener Amtskollege Michael Haupt gedachten am Montag gemeinsam des 60. Jahrestages der ungarischen Revolution von 1956 in der \u00f6sterreichischen Hauptstadt.<\/strong><\/p>\n<p>\u201cUngarn sind \u00d6sterreich und dem \u00f6sterreichischen Volk bis heute dankbar, dass sie vor sechzig Jahren ungarische Fl\u00fcchtlinge mit offenem Herzen aufgenommen und unterst\u00fctzt haben\u201d, sagte Tarlos an einer Gedenktafel vor dem Trautson-Palast im Zentrum Wiens.<\/p>\n<p>\u00d6sterreich hatte nach dem Zweiten Weltkrieg mit vielen Schwierigkeiten zu k\u00e4mpfen, aber seine Bev\u00f6lkerung war optimistisch und hatte keinen Zweifel daran, dass sie ungarischen Fl\u00fcchtlingen bei der Flucht vor der Sowjetherrschaft helfen musste, sagte Hauptl.<\/p>\n<figure id=\"attachment_89510\" aria-describedby=\"caption-attachment-89510\" style=\"width: 1024px\" class=\"wp-caption aligncenter\"><img loading=\"lazy\" decoding=\"async\" class=\"size-large wp-image-89510\" src=\"https:\/\/dailynewshungary.com\/wp-content\/uploads\/2016\/10\/D__EP20161024008-1024x865.jpg\" alt=\"MTI-Foto von Istv\u00e1n Filep\" width=\"1024\" height=\"865\" srcset=\"https:\/\/contentf5.dailynewshungary.com\/wp-content\/uploads\/2016\/10\/D__EP20161024008-1024x865.jpg 1024w, https:\/\/contentf5.dailynewshungary.com\/wp-content\/uploads\/2016\/10\/D__EP20161024008-300x254.jpg 300w, https:\/\/contentf5.dailynewshungary.com\/wp-content\/uploads\/2016\/10\/D__EP20161024008-768x649.jpg 768w, https:\/\/contentf5.dailynewshungary.com\/wp-content\/uploads\/2016\/10\/D__EP20161024008-220x186.jpg 220w, https:\/\/contentf5.dailynewshungary.com\/wp-content\/uploads\/2016\/10\/D__EP20161024008-610x515.jpg 610w, https:\/\/contentf5.dailynewshungary.com\/wp-content\/uploads\/2016\/10\/D__EP20161024008-1080x913.jpg 1080w\" sizes=\"auto, (max-width: 1024px) 100vw, 1024px\"><figcaption id=\"caption-attachment-89510\" class=\"wp-caption-text\">MTI-Foto von Istv\u00e1n Filep<\/figcaption><\/figure>\n<p>Das Denkmal dankt den Wiener B\u00fcrgern f\u00fcr die Hilfe f\u00fcr die Ungarn im Jahr 1956.<\/p>\n<p><em>Foto: MTI<\/em><\/p>\n","protected":false},"excerpt":{"rendered":"<p>Wien (MTI) \u2013 Budapest B\u00fcrgermeister Istv\u00e1n Tarl\u00f3s und sein Wiener Amtskollege Michael Haupt gedachten am Montag gemeinsam des 60. Jahrestages der ungarischen Revolution von 1956 in der \u00f6sterreichischen Hauptstadt. \u201cUngarn sind \u00d6sterreich und dem \u00f6sterreichischen Volk bis heute dankbar, dass sie vor sechzig Jahren ungarische Fl\u00fcchtlinge mit offenem Herzen aufgenommen und unterst\u00fctzt haben\u201d, sagte Tarlos [&hellip;]<\/p>\n","protected":false},"author":2,"featured_media":753959,"comment_status":"open","ping_status":"open","sticky":false,"template":"","format":"standard","meta":{"_acf_changed":false,"_display_image":"","footnotes":""},"categories":[1151],"tags":[1066],"class_list":["post-753958","post","type-post","status-publish","format-standard","has-post-thumbnail","hentry","category-kulturen","tag-hungary"],"blocksy_meta":[],"acf":[],"author_username":"alk","telegram_post":"","public_post_metadata":{"breaking_news":"","important":"","csempe":"","center_tile":"","disable_thumbnail":"","target_lang":"","_featured_image_style":"","telegram_post":"","_xlat_group_id":""},"public_rank_math_data":{"title":"%title% %sep% %sitename%","description":"","focus_keyword":"Wien","canonical_url":"","robots":"","primary_category":"1151","breadcrumb_title":"","facebook_title":"","facebook_description":"","facebook_image":"","facebook_image_id":"","twitter_title":"","twitter_description":"","twitter_image":"","twitter_image_id":"","twitter_card_type":"","twitter_use_facebook":"","advanced_robots":"","pillar_content":"","seo_score":"56","contentai_score":"","rich_snippet":""},"_links":{"self":[{"href":"https:\/\/dailynewshungary.com\/de\/wp-json\/wp\/v2\/posts\/753958","targetHints":{"allow":["GET"]}}],"collection":[{"href":"https:\/\/dailynewshungary.com\/de\/wp-json\/wp\/v2\/posts"}],"about":[{"href":"https:\/\/dailynewshungary.com\/de\/wp-json\/wp\/v2\/types\/post"}],"author":[{"embeddable":true,"href":"https:\/\/dailynewshungary.com\/de\/wp-json\/wp\/v2\/users\/2"}],"replies":[{"embeddable":true,"href":"https:\/\/dailynewshungary.com\/de\/wp-json\/wp\/v2\/comments?post=753958"}],"version-history":[{"count":0,"href":"https:\/\/dailynewshungary.com\/de\/wp-json\/wp\/v2\/posts\/753958\/revisions"}],"wp:featuredmedia":[{"embeddable":true,"href":"https:\/\/dailynewshungary.com\/de\/wp-json\/wp\/v2\/media\/753959"}],"wp:attachment":[{"href":"https:\/\/dailynewshungary.com\/de\/wp-json\/wp\/v2\/media?parent=753958"}],"wp:term":[{"taxonomy":"category","embeddable":true,"href":"https:\/\/dailynewshungary.com\/de\/wp-json\/wp\/v2\/categories?post=753958"},{"taxonomy":"post_tag","embeddable":true,"href":"https:\/\/dailynewshungary.com\/de\/wp-json\/wp\/v2\/tags?post=753958"}],"curies":[{"name":"wp","href":"https:\/\/api.w.org\/{rel}","templated":true}]}}