{"id":754017,"date":"2016-10-23T09:30:37","date_gmt":"2016-10-23T07:30:37","guid":{"rendered":"https:\/\/dailynewshungary.com\/de\/migranten-werden-nie-in-ihre-heimatlander-zuruckkehren-sagt-ausenministerin-der-rheinischen-post\/"},"modified":"2016-10-23T09:30:37","modified_gmt":"2016-10-23T07:30:37","slug":"migranten-werden-nie-in-ihre-heimatlander-zuruckkehren-sagt-ausenministerin-der-rheinischen-post","status":"publish","type":"post","link":"https:\/\/dailynewshungary.com\/de\/migranten-werden-nie-in-ihre-heimatlander-zuruckkehren-sagt-ausenministerin-der-rheinischen-post\/","title":{"rendered":"Migranten werden nie in ihre Heimatl\u00e4nder zur\u00fcckkehren, sagt Au\u00dfenministerin der Rheinischen Post"},"content":{"rendered":"<p>&nbsp;<\/p>\n<p><strong>Berlin (MTI) \u201cMigranten, die nach Europa kommen, werden \u201cnie in ihre Heimatl\u00e4nder zur\u00fcckkehren\u201d, sagte Ungarns Au\u00dfenminister in einem Interview zur Samstagsausgabe der deutschen Regionaltageszeitung Rheinische Post.<\/strong><\/p>\n<p>Wenn Migranten jedoch in der N\u00e4he ihrer Heimatl\u00e4nder bleiben, werden sie irgendwann zur\u00fcckkehren, sagte P\u00e9ter Szijj\u00e1rt\u00f3 der Zeitung.<\/p>\n<p>Ungarn habe kontinuierlich auf drei Ma\u00dfnahmen gedr\u00e4ngt, die seiner Meinung nach bei der Bew\u00e4ltigung der Fl\u00fcchtlingskrise wirksamer w\u00e4ren als die Einf\u00fchrung verbindlicher Umverteilungsquoten f\u00fcr Migranten f\u00fcr die Mitgliedstaaten der Europ\u00e4ischen Union, sagte Szijj\u00e1rt\u00f3.<\/p>\n<p>Die erste dieser Ma\u00dfnahmen sei die Einf\u00fchrung strengerer Grenzkontrollen, sagte der Minister.<\/p>\n<p>Zweitens m\u00fcsse die EU Jordanien, der T\u00fcrkei, dem Libanon und der kurdischen Region im Irak mehr Finanzhilfe leisten, damit diese L\u00e4nder sich um die dort gestrandeten Fl\u00fcchtlinge k\u00fcmmern k\u00f6nnten, sagte er.<\/p>\n<p>Drittens sollte die EU \u00c4nderungen an der Art und Weise vornehmen, wie sie die Hilfe anderen L\u00e4ndern zuweistDie EU gibt Milliarden Euro an Hilfe an L\u00e4nder, aus denen Menschen fliehen und die meisten Migranten, die in Europa ankommen, nicht aus Kriegsgebieten oder L\u00e4ndern kommen, in denen ihr Leben bedroht w\u00e4re, sagte Szijj\u00e1rt\u00f3Daher sollte Europa strenge Bedingungen f\u00fcr die Verteilung der Hilfe an diese L\u00e4nder festlegen, sagte erDie Regierungen dieser L\u00e4nder sollten nur dann EU-Hilfen erhalten, wenn sie ihre Bev\u00f6lkerung an der Flucht hindern, sagte er.<\/p>\n<p>Der Minister wies den Vorschlag zur\u00fcck, dass Migration als L\u00f6sung f\u00fcr Europas Arbeitskr\u00e4ftemangel und demografische Probleme dienen k\u00f6nnte Nach Ansicht Ungarns liegt der Schl\u00fcssel zur Bew\u00e4ltigung des Problems niedriger Geburtenraten in einer besseren Familienpolitik, sagte erSzijj\u00e1rt\u00f3 bezeichnete den Zustand des Arbeitsmarktes in S\u00fcd-, Mittel- und Osteuropa als \u201ctense\u201d und wies darauf hin, dass die Arbeitslosenquote in bestimmten Regionen bei \u00fcber 30 Prozent liege. Anstatt neue Probleme zu schaffen, sollte Europa sich zuerst mit diesen bestehenden befassen, betonte er.<\/p>\n<p>Auf die Haltung Ungarns zu den Beziehungen zwischen der EU und Russland angesprochen, sagte Szijj\u00e1rt\u00f3, dass Ungarn als mitteleurop\u00e4isches Land \u201ckeine andere Wahl\u201d habe, als in seinen Beziehungen zu Russland einen \u201cpragmatischen\u201d Ansatz anzuwenden \u201cWir sind in vielerlei Hinsicht von den Russen abh\u00e4ngig\u201d, also \u201cm\u00fcssen wir mit ihnen reden\u201d, sagte er.<\/p>\n<p>Szijj\u00e1rt\u00f3 lehnte es ab, sich zu den Bemerkungen einiger EU-Staats- und Regierungschefs zu \u00e4u\u00dfern, dass Russland und die Luftangriffe des syrischen Regimes auf Aleppo als Kriegsverbrechen angesehen werden k\u00f6nnten. Europas Interesse liege in einer friedlichen Beendigung des Syrienkonflikts und in der gegenw\u00e4rtigen Situation sei dies ohne Russland nicht zu erreichen, sagte er.<\/p>\n<p>Auf die Frage nach den Bem\u00fchungen Frankreichs und Deutschlands, die K\u00e4mpfe in der Ukraine zu beenden, sagte Szijj\u00e1rt\u00f3, Ungarn sei \u201csehr dankbar\u201d, insbesondere f\u00fcr die Bem\u00fchungen der deutschen Bundeskanzlerin Angela Merkel. Szijj\u00e1rt\u00f3 sagte, dass Ungarn mit 150.000 in der Ukraine lebenden Ungarn direkt von dem dortigen Konflikt betroffen sei.<\/p>\n<p>Szijj\u00e1rt\u00f3 sagte, dass es zwar innerhalb der EU keine Meinungsverschiedenheiten \u00fcber die Ukraine gebe, es aber Meinungsverschiedenheiten \u00fcber die Rolle Russlands in dem Konflikt gebe. Die Ungarn sehen Russland nicht als direkte Bedrohung, respektieren aber die Tatsache, dass die Menschen in Polen oder den baltischen Staaten die Dinge m\u00f6glicherweise anders sehen, sagte er.<\/p>\n","protected":false},"excerpt":{"rendered":"<p>&nbsp; Berlin (MTI) \u201cMigranten, die nach Europa kommen, werden \u201cnie in ihre Heimatl\u00e4nder zur\u00fcckkehren\u201d, sagte Ungarns Au\u00dfenminister in einem Interview zur Samstagsausgabe der deutschen Regionaltageszeitung Rheinische Post. Wenn Migranten jedoch in der N\u00e4he ihrer Heimatl\u00e4nder bleiben, werden sie irgendwann zur\u00fcckkehren, sagte P\u00e9ter Szijj\u00e1rt\u00f3 der Zeitung. Ungarn habe kontinuierlich auf drei Ma\u00dfnahmen gedr\u00e4ngt, die seiner Meinung [&hellip;]<\/p>\n","protected":false},"author":2,"featured_media":754018,"comment_status":"open","ping_status":"open","sticky":false,"template":"","format":"standard","meta":{"_acf_changed":false,"_display_image":"","footnotes":""},"categories":[1081],"tags":[1470,1177,1082,1445],"class_list":["post-754017","post","type-post","status-publish","format-standard","has-post-thumbnail","hentry","category-politik","tag-ausenministerium-fur-ungarn","tag-deutschland","tag-europaische-union","tag-migration"],"blocksy_meta":[],"acf":[],"author_username":"alk","telegram_post":"","public_post_metadata":{"breaking_news":"","important":"","csempe":"","center_tile":"","disable_thumbnail":"","target_lang":"","_featured_image_style":"","telegram_post":"","_xlat_group_id":""},"public_rank_math_data":{"title":"%title% %sep% %sitename%","description":"","focus_keyword":"Au\u00dfenminister","canonical_url":"","robots":"","primary_category":"1081","breadcrumb_title":"","facebook_title":"","facebook_description":"","facebook_image":"","facebook_image_id":"","twitter_title":"","twitter_description":"","twitter_image":"","twitter_image_id":"","twitter_card_type":"","twitter_use_facebook":"","advanced_robots":"","pillar_content":"","seo_score":"50","contentai_score":"","rich_snippet":""},"_links":{"self":[{"href":"https:\/\/dailynewshungary.com\/de\/wp-json\/wp\/v2\/posts\/754017","targetHints":{"allow":["GET"]}}],"collection":[{"href":"https:\/\/dailynewshungary.com\/de\/wp-json\/wp\/v2\/posts"}],"about":[{"href":"https:\/\/dailynewshungary.com\/de\/wp-json\/wp\/v2\/types\/post"}],"author":[{"embeddable":true,"href":"https:\/\/dailynewshungary.com\/de\/wp-json\/wp\/v2\/users\/2"}],"replies":[{"embeddable":true,"href":"https:\/\/dailynewshungary.com\/de\/wp-json\/wp\/v2\/comments?post=754017"}],"version-history":[{"count":0,"href":"https:\/\/dailynewshungary.com\/de\/wp-json\/wp\/v2\/posts\/754017\/revisions"}],"wp:featuredmedia":[{"embeddable":true,"href":"https:\/\/dailynewshungary.com\/de\/wp-json\/wp\/v2\/media\/754018"}],"wp:attachment":[{"href":"https:\/\/dailynewshungary.com\/de\/wp-json\/wp\/v2\/media?parent=754017"}],"wp:term":[{"taxonomy":"category","embeddable":true,"href":"https:\/\/dailynewshungary.com\/de\/wp-json\/wp\/v2\/categories?post=754017"},{"taxonomy":"post_tag","embeddable":true,"href":"https:\/\/dailynewshungary.com\/de\/wp-json\/wp\/v2\/tags?post=754017"}],"curies":[{"name":"wp","href":"https:\/\/api.w.org\/{rel}","templated":true}]}}