{"id":754073,"date":"2016-10-20T15:15:48","date_gmt":"2016-10-20T13:15:48","guid":{"rendered":"https:\/\/dailynewshungary.com\/de\/ungarn-in-der-marokkanischen-koniglichen-reithalle\/"},"modified":"2016-10-20T15:15:48","modified_gmt":"2016-10-20T13:15:48","slug":"ungarn-in-der-marokkanischen-koniglichen-reithalle","status":"publish","type":"post","link":"https:\/\/dailynewshungary.com\/de\/ungarn-in-der-marokkanischen-koniglichen-reithalle\/","title":{"rendered":"Ungarn in der marokkanischen k\u00f6niglichen Reithalle"},"content":{"rendered":"<p><strong>Auf Einladung von General Dr. El Habib Marzak, dem Haupttreuh\u00e4nder des marokkanischen K\u00f6nigs Mohammed VI., verhandelte die gemeinsame Delegation von HTCC, AHU und ETALON \u00fcber die m\u00f6gliche Teilnahme der ETALON-Pferdeshow am Salon du Cheval im n\u00e4chsten Jahr. <a href=\"http:\/\/htcc.org.hu\/hu\/hirek\/aktualis-hirek\/magyarok-marokkoi-kiralyi-lovardaban\/\" target=\"_blank\" rel=\"noopener noreferrer\">Htcc.hu schreibt <\/a>Dass das ber\u00fchmteste Pferderennen der Welt darauf abzielt, dem lokalen Publikum die Pferdekultur der ganzen Welt vorzustellen, also laden sie jedes Jahr tausend Reiter aus mehr als drei\u00dfig L\u00e4ndern ein. Etwas Einzigartiges zu zeigen, ist dort eine ziemlich schwierige Aufgabe, aber die Ungarn schafften es, wieder Aufmerksamkeit zu erregen.<\/strong><\/p>\n<p>Die Delegation unter der Leitung des ungarischen Botschafters in Rabat Dr. Mikl\u00f3s Tromler erhielt die Gelegenheit, die k\u00f6nigliche Reithalle zu besuchen. Der professionelle Chef der modernen Institution, Sir Badr Fakir, stellte die Einrichtungen der Royal Equestrian Federation vor: die Scheunen im britischen System, die modernen \u00dcbungs- und Rennstrecken, die Ger\u00e4te f\u00fcr Veterin\u00e4rpr\u00fcfer und die Weidebest\u00e4nde.<\/p>\n<p><img loading=\"lazy\" decoding=\"async\" class=\"aligncenter wp-image-88912\" src=\"https:\/\/dailynewshungary.com\/wp-content\/uploads\/2016\/10\/marokk\u00f3-lovarda1-300x199.jpg\" alt=\"marokko-lovarda1\" width=\"800\" height=\"531\" srcset=\"https:\/\/contentf5.dailynewshungary.com\/wp-content\/uploads\/2016\/10\/marokk\u00f3-lovarda1-300x199.jpg 300w, https:\/\/contentf5.dailynewshungary.com\/wp-content\/uploads\/2016\/10\/marokk\u00f3-lovarda1-220x146.jpg 220w, https:\/\/contentf5.dailynewshungary.com\/wp-content\/uploads\/2016\/10\/marokk\u00f3-lovarda1-610x405.jpg 610w, https:\/\/contentf5.dailynewshungary.com\/wp-content\/uploads\/2016\/10\/marokk\u00f3-lovarda1.jpg 640w\" sizes=\"auto, (max-width: 800px) 100vw, 800px\"><\/p>\n<p>Der Verband hat k\u00fcrzlich eine neue Einrichtung er\u00f6ffnet, in der er gegen etwas Geld die Pferde verschiedener Vereine und Privatpersonen h\u00e4lt und betreut.<\/p>\n<p>Direktor Chrifi Alaoui zeigte die Einrichtungen, die \u00dcbungswege, die Trainingsausr\u00fcstung und den Zeitplan der 160-Salons-Grenze im Bildungszentrum. Die M\u00f6glichkeit der Zusammenarbeit wurde eingef\u00fchrt und die Bedingungen werden bald ausgearbeitet.<\/p>\n<p>Am n\u00e4chsten Tag besuchte die Delegation El Jadida, den Ort der Veranstaltung Salon du Cheval General Marzak ernannte eine Eskorte, die die Delegation w\u00e4hrend der Programme begleitete und half, so besuchte die Delegation beispielsweise die im letzten Jahr eingeweihte Einrichtung, die Ausstellung und Pferdeveranstaltungen als VIP-G\u00e4ste.<\/p>\n<p><img loading=\"lazy\" decoding=\"async\" class=\"aligncenter wp-image-88914\" src=\"https:\/\/dailynewshungary.com\/wp-content\/uploads\/2016\/10\/marokk\u00f3-lovarda3-300x199.jpg\" alt=\"marokko-lovarda3\" width=\"800\" height=\"531\" srcset=\"https:\/\/contentf5.dailynewshungary.com\/wp-content\/uploads\/2016\/10\/marokk\u00f3-lovarda3-300x199.jpg 300w, https:\/\/contentf5.dailynewshungary.com\/wp-content\/uploads\/2016\/10\/marokk\u00f3-lovarda3-220x146.jpg 220w, https:\/\/contentf5.dailynewshungary.com\/wp-content\/uploads\/2016\/10\/marokk\u00f3-lovarda3-610x405.jpg 610w, https:\/\/contentf5.dailynewshungary.com\/wp-content\/uploads\/2016\/10\/marokk\u00f3-lovarda3.jpg 640w\" sizes=\"auto, (max-width: 800px) 100vw, 800px\"><\/p>\n<p>Unter der Leitung des ungarischen Botschafters in Rabat Dr. Mikl\u00f3s Tromler f\u00fchrte die Delegation Verhandlungen mit General Marzak und seinem Kollegen \u00fcber die M\u00f6glichkeit einer ungarischen Teilnahme im n\u00e4chsten Jahr. Die Diskussion endete recht vielversprechend. ETALON muss ein Mindest- und H\u00f6chstprogramm ausarbeiten, das besondere ungarische Auff\u00fchrungen umfasst, damit der Organisationsausschuss daraus w\u00e4hlen kann.<\/p>\n<p>Als n\u00e4chstes sah sich die Delegation die alte marokkanische Pferdeshow namens Tbourida anEs war eine gro\u00dfe Ehre, dass die Delegation im VIP-Zelt von K\u00f6nigsprinz Moulay Hassan Abdallah untergebracht wurde, wo sie die beliebte Show sehen konnten.<\/p>\n<p>Das Programm endete mit der Pferdegala-Show am Abend. Hervorzuheben ist auch, dass, obwohl Ungarn dieses Jahr nicht an der Veranstaltung teilnahm, die ungarische Flagge zwischen den Flaggen der teilnehmenden L\u00e4nder wehte. Dar\u00fcber hinaus waren einige spektakul\u00e4re Momente des ungarischen Auftritts im letzten Jahr von entscheidender Bedeutung Platz im Teaser der Pferdeshow.<\/p>\n<p><img loading=\"lazy\" decoding=\"async\" class=\"aligncenter wp-image-88916\" src=\"https:\/\/dailynewshungary.com\/wp-content\/uploads\/2016\/10\/marokk\u00f3-lovarda5-300x199.jpg\" alt=\"marokko-lovarda5\" width=\"800\" height=\"531\" srcset=\"https:\/\/contentf5.dailynewshungary.com\/wp-content\/uploads\/2016\/10\/marokk\u00f3-lovarda5-300x199.jpg 300w, https:\/\/contentf5.dailynewshungary.com\/wp-content\/uploads\/2016\/10\/marokk\u00f3-lovarda5-220x146.jpg 220w, https:\/\/contentf5.dailynewshungary.com\/wp-content\/uploads\/2016\/10\/marokk\u00f3-lovarda5-610x405.jpg 610w, https:\/\/contentf5.dailynewshungary.com\/wp-content\/uploads\/2016\/10\/marokk\u00f3-lovarda5.jpg 640w\" sizes=\"auto, (max-width: 800px) 100vw, 800px\"><\/p>\n<p>Der Besuch der Delegation war hinsichtlich der M\u00f6glichkeit einer ungarischen Beteiligung im n\u00e4chsten Jahr erfolgreich Ungarn \u2013 Ungarn \u2013 mit Hilfe von HTCC \u2013 R\u00fcckkehr zum gr\u00f6\u00dften Pferdeereignis Afrikas im vergangenen Jahr nach 2009. <a href=\"https:\/\/dailynewshungary.com\/de\/ungarischer-erfolg-auf-der-pferdeshow-salon-du-cheval-in-marokko\/\" target=\"_blank\" rel=\"noopener noreferrer\">Die Z\u00e4nker von Kecskem\u00e9t blendeten das marokkanische Publikum und schenkten dem k\u00f6niglichen Gest\u00fct ein kleines Fohlen.<\/a><\/p>\n<p><em>Fotos: www.htcc.hu.org<\/em><\/p>\n<p>Editor kopieren: bm<\/p>\n","protected":false},"excerpt":{"rendered":"<p>Auf Einladung von General Dr. El Habib Marzak, dem Haupttreuh\u00e4nder des marokkanischen K\u00f6nigs Mohammed VI., verhandelte die gemeinsame Delegation von HTCC, AHU und ETALON \u00fcber die m\u00f6gliche Teilnahme der ETALON-Pferdeshow am Salon du Cheval im n\u00e4chsten Jahr. Htcc.hu schreibt Dass das ber\u00fchmteste Pferderennen der Welt darauf abzielt, dem lokalen Publikum die Pferdekultur der ganzen Welt [&hellip;]<\/p>\n","protected":false},"author":7,"featured_media":754074,"comment_status":"open","ping_status":"open","sticky":false,"template":"","format":"standard","meta":{"_acf_changed":false,"_display_image":"","footnotes":""},"categories":[1281],"tags":[1066],"class_list":["post-754073","post","type-post","status-publish","format-standard","has-post-thumbnail","hentry","category-geschaft","tag-hungary"],"blocksy_meta":[],"acf":[],"author_username":"Szandi","telegram_post":"","public_post_metadata":{"breaking_news":"","important":"","csempe":"","center_tile":"","disable_thumbnail":"","target_lang":"","_featured_image_style":"","telegram_post":"","_xlat_group_id":""},"public_rank_math_data":{"title":"%title% %sep% %sitename%","description":"","focus_keyword":"Pferd","canonical_url":"","robots":"","primary_category":"1281","breadcrumb_title":"","facebook_title":"","facebook_description":"","facebook_image":"","facebook_image_id":"","twitter_title":"","twitter_description":"","twitter_image":"","twitter_image_id":"","twitter_card_type":"","twitter_use_facebook":"","advanced_robots":"","pillar_content":"","seo_score":"33","contentai_score":"","rich_snippet":""},"_links":{"self":[{"href":"https:\/\/dailynewshungary.com\/de\/wp-json\/wp\/v2\/posts\/754073","targetHints":{"allow":["GET"]}}],"collection":[{"href":"https:\/\/dailynewshungary.com\/de\/wp-json\/wp\/v2\/posts"}],"about":[{"href":"https:\/\/dailynewshungary.com\/de\/wp-json\/wp\/v2\/types\/post"}],"author":[{"embeddable":true,"href":"https:\/\/dailynewshungary.com\/de\/wp-json\/wp\/v2\/users\/7"}],"replies":[{"embeddable":true,"href":"https:\/\/dailynewshungary.com\/de\/wp-json\/wp\/v2\/comments?post=754073"}],"version-history":[{"count":0,"href":"https:\/\/dailynewshungary.com\/de\/wp-json\/wp\/v2\/posts\/754073\/revisions"}],"wp:featuredmedia":[{"embeddable":true,"href":"https:\/\/dailynewshungary.com\/de\/wp-json\/wp\/v2\/media\/754074"}],"wp:attachment":[{"href":"https:\/\/dailynewshungary.com\/de\/wp-json\/wp\/v2\/media?parent=754073"}],"wp:term":[{"taxonomy":"category","embeddable":true,"href":"https:\/\/dailynewshungary.com\/de\/wp-json\/wp\/v2\/categories?post=754073"},{"taxonomy":"post_tag","embeddable":true,"href":"https:\/\/dailynewshungary.com\/de\/wp-json\/wp\/v2\/tags?post=754073"}],"curies":[{"name":"wp","href":"https:\/\/api.w.org\/{rel}","templated":true}]}}