{"id":754077,"date":"2016-10-20T11:54:43","date_gmt":"2016-10-20T09:54:43","guid":{"rendered":"https:\/\/dailynewshungary.com\/de\/interview-der-passauer-neuen-presse-mit-ministerprasident-orban\/"},"modified":"2016-10-20T11:54:43","modified_gmt":"2016-10-20T09:54:43","slug":"interview-der-passauer-neuen-presse-mit-ministerprasident-orban","status":"publish","type":"post","link":"https:\/\/dailynewshungary.com\/de\/interview-der-passauer-neuen-presse-mit-ministerprasident-orban\/","title":{"rendered":"Interview der Passauer Neuen Presse mit Ministerpr\u00e4sident Orb\u00e1n"},"content":{"rendered":"<p><strong>Berlin, 20. Oktober (MTI) \u201cWir k\u00f6nnen keinen Raum f\u00fcr Anarchie zulassen\u201d, sagte der ungarische Ministerpr\u00e4sident Viktor Orb\u00e1n in einem am Donnerstag in der Passauer Neuen Presse ver\u00f6ffentlichten Interview.<\/strong><\/p>\n<p>Orb\u00e1n bestand darauf, dass Europa, wenn Griechenland seine Grenzen gesch\u00fctzt h\u00e4tte, nicht mit einer Fl\u00fcchtlingskrise konfrontiert gewesen w\u00e4re. Er f\u00fcgte hinzu, dass Ungarn internationale und europ\u00e4ische Gesetze beachtet, indem es die Schengen-Grenzen sch\u00fctzt, und bezeichnete die Kritik an diesem Ansatz als \u201eabsurd\u201c.<\/p>\n<p>Zum Islam sagte Orb\u00e1n, dass \u201eUngarn einen gesunden Umgang mit Muslimen\u201chat. Der Islam fordert Respekt f\u00fcr die \u201eZivilisierung eines sehr schwierigen Teils der Welt\u201d, sagte der Premierminister, f\u00fcgte jedoch hinzu, dass die christliche Zivilisation und die islamische Zivilisation \u201enicht Hand in Hand gehen\u201d. \u201eDer Unterschied zwischen ihnen wird zu \u201eParallelwelten\u201d f\u00fchren, sagte Orb\u00e1n. Er argumentierte, dass \u201eMuslime mehr Kinder haben werden als wir Europ\u00e4er\u201cund argumentierte, dass ein Zustrom muslimischer Einwanderer das Zielland in einer Angelegenheit von 20 Jahren ver\u00e4ndern werde.<\/p>\n<p style=\"text-align: center;\">[button link=\u201dhttps:\/\/dailynewshungary.com\/tag\/germany\/\u201d type=\u201dbig\u201d newwindow=\u201dyes\u201d] Weiterlesen \u00fcber UNGARISCH-DEUTSCHE BEZIEHUNGEN [\/button]<\/p>\n<p>\u201cEinige europ\u00e4ische L\u00e4nder haben sich entschieden\u201d, solche Ziell\u00e4nder zu werden und \u201cwerden nicht nur die positive, sozioromantische Seite\u201d der Einwanderung sehen, sagte Orb\u00e1n.<\/p>\n<blockquote>\n<p>\u201cDeutschland scheint ein solches Land zu sein und es wird die Zusammensetzung seiner Bev\u00f6lkerung k\u00fcnstlich ver\u00e4ndern\u201d.<\/p>\n<\/blockquote>\n<p>Ungarn hingegen \u201cwird keine Nation von Einwanderern sein\u201d und \u201cniemand kann uns zwingen, ein Einwanderungsland zu werden\u201d, sagte Orb\u00e1n dem Blatt.<\/p>\n<p>In Bezug auf europ\u00e4ische Gelder und Solidarit\u00e4t sagte Orb\u00e1n, wenn ein Mitgliedsland beschlie\u00dfen w\u00fcrde, Migranten aufzunehmen, \u201ek\u00f6nnen die Konsequenzen nicht auf andere Mitglieder verteilt werden\u201cund betonte, dass \u201eBerlin die Konsequenzen seiner Entscheidung nicht \u00fcber Br\u00fcssel auf andere \u00fcbertragen kann\u201d.<\/p>\n<p>Ungarn die Schuld daf\u00fcr zu geben, \u201cnur EU-Mittel zu ziehen\u201d, sei \u201coffensiv\u201d, weil \u201cdas nur die eine Seite der Medaille ist\u201d, weil die alten Mitglieder der Gemeinschaft \u201cUngarn enorm viel Geld aufb\u00fcrden\u201d, sagte Orb\u00e1nEr argumentierte, dass Koh\u00e4sionsfonds Ungarn \u201cnur teilweise daf\u00fcr entsch\u00e4digen w\u00fcrden, dass es von der enormen Wirtschaftskraft anderer EU-L\u00e4nder mit F\u00fc\u00dfen getreten wird\u201d.<\/p>\n<p>Zu einem anderen Thema sagte Orb\u00e1n, dass die EU-Mitgliedschaft Ungarns \u201cunersch\u00fctterlich\u201d sei Ungarn sei ein \u201cchristliches Land westlichen Typs\u201d und habe einen \u201cnat\u00fcrlichen\u201d Teil in Europa, sagte er, f\u00fcgte aber hinzu, dass Europa nicht \u201cisoliert\u201d sein sollte, sondern dynamische Beziehungen sowohl zu West als auch zu Ost haben sollte.<\/p>\n<p style=\"text-align: center;\">&nbsp;<iframe loading=\"lazy\" style=\"border: none; overflow: hidden;\" src=\"https:\/\/www.facebook.com\/plugins\/post.php?href=https%3A%2F%2Fwww.facebook.com%2Fdailynewshungary%2Fposts%2F1122753524426884&amp;width=500\" width=\"500\" height=\"524\" frameborder=\"0\" scrolling=\"no\"><\/iframe><\/p>\n<p>Bez\u00fcglich Russland dr\u00e4ngte Orb\u00e1n auf eine \u201cclevere und wohl\u00fcberlegte\u201d Zusammenarbeit zwischen Europa und Russland \u201cIn Ungarn sind wir nicht der Meinung, dass Russland unsere Sicherheit gef\u00e4hrden sollte\u201d, f\u00fcgte er hinzu.<\/p>\n<p>Mit Bezug auf die deutsche Kanzlerin sagte Orb\u00e1n, Europa h\u00e4tte ohne Angela Merkel \u201ckeine angemessenen Antworten geben k\u00f6nnen\u201d auf Herausforderungen des vergangenen Jahrzehnts, und w\u00fcnschte ihr Erfolg bei den Wahlen 2017, er deutete jedoch an, dass seine Fidesz-Partei, fr\u00fcher als \u201cUngarns CDU\u201d bezeichnet, nun n\u00e4her an Deutschlands CSU-Partei sei.<\/p>\n<p><a href=\"http:\/\/www.pnp.de\/nachrichten\/politik\/2263226_Orban-lobt-Merkels-Leistungen-im-Interview-mit-der-Heimatzeitung.html\" target=\"_blank\" rel=\"noopener noreferrer\">Lesen Sie hier den Originalartikel auf Deutsch.<\/a><\/p>\n<p><em>Foto: MTI\/AP\/Matthias Schrader<\/em><\/p>\n","protected":false},"excerpt":{"rendered":"<p>Berlin, 20. Oktober (MTI) \u201cWir k\u00f6nnen keinen Raum f\u00fcr Anarchie zulassen\u201d, sagte der ungarische Ministerpr\u00e4sident Viktor Orb\u00e1n in einem am Donnerstag in der Passauer Neuen Presse ver\u00f6ffentlichten Interview. Orb\u00e1n bestand darauf, dass Europa, wenn Griechenland seine Grenzen gesch\u00fctzt h\u00e4tte, nicht mit einer Fl\u00fcchtlingskrise konfrontiert gewesen w\u00e4re. Er f\u00fcgte hinzu, dass Ungarn internationale und europ\u00e4ische Gesetze [&hellip;]<\/p>\n","protected":false},"author":2,"featured_media":754078,"comment_status":"open","ping_status":"open","sticky":false,"template":"","format":"standard","meta":{"_acf_changed":false,"_display_image":"","footnotes":""},"categories":[1081],"tags":[1177,1082,1445,1333],"class_list":["post-754077","post","type-post","status-publish","format-standard","has-post-thumbnail","hentry","category-politik","tag-deutschland","tag-europaische-union","tag-migration","tag-viktor-oder-ban"],"blocksy_meta":[],"acf":[],"author_username":"alk","telegram_post":"","public_post_metadata":{"breaking_news":"","important":"","csempe":"","center_tile":"","disable_thumbnail":"","target_lang":"","_featured_image_style":"","telegram_post":"","_xlat_group_id":""},"public_rank_math_data":{"title":"%title% %sep% %sitename%","description":"","focus_keyword":"Deutschland Orb\u00e1n","canonical_url":"","robots":"","primary_category":"1081","breadcrumb_title":"","facebook_title":"","facebook_description":"","facebook_image":"","facebook_image_id":"","twitter_title":"","twitter_description":"","twitter_image":"","twitter_image_id":"","twitter_card_type":"","twitter_use_facebook":"","advanced_robots":"","pillar_content":"","seo_score":"8","contentai_score":"","rich_snippet":""},"_links":{"self":[{"href":"https:\/\/dailynewshungary.com\/de\/wp-json\/wp\/v2\/posts\/754077","targetHints":{"allow":["GET"]}}],"collection":[{"href":"https:\/\/dailynewshungary.com\/de\/wp-json\/wp\/v2\/posts"}],"about":[{"href":"https:\/\/dailynewshungary.com\/de\/wp-json\/wp\/v2\/types\/post"}],"author":[{"embeddable":true,"href":"https:\/\/dailynewshungary.com\/de\/wp-json\/wp\/v2\/users\/2"}],"replies":[{"embeddable":true,"href":"https:\/\/dailynewshungary.com\/de\/wp-json\/wp\/v2\/comments?post=754077"}],"version-history":[{"count":0,"href":"https:\/\/dailynewshungary.com\/de\/wp-json\/wp\/v2\/posts\/754077\/revisions"}],"wp:featuredmedia":[{"embeddable":true,"href":"https:\/\/dailynewshungary.com\/de\/wp-json\/wp\/v2\/media\/754078"}],"wp:attachment":[{"href":"https:\/\/dailynewshungary.com\/de\/wp-json\/wp\/v2\/media?parent=754077"}],"wp:term":[{"taxonomy":"category","embeddable":true,"href":"https:\/\/dailynewshungary.com\/de\/wp-json\/wp\/v2\/categories?post=754077"},{"taxonomy":"post_tag","embeddable":true,"href":"https:\/\/dailynewshungary.com\/de\/wp-json\/wp\/v2\/tags?post=754077"}],"curies":[{"name":"wp","href":"https:\/\/api.w.org\/{rel}","templated":true}]}}