{"id":754105,"date":"2016-10-19T10:00:00","date_gmt":"2016-10-19T08:00:00","guid":{"rendered":"https:\/\/dailynewshungary.com\/de\/fotoausstellung-1956-wird-auf-der-ep-eroffnet\/"},"modified":"2016-10-19T10:00:00","modified_gmt":"2016-10-19T08:00:00","slug":"fotoausstellung-1956-wird-auf-der-ep-eroffnet","status":"publish","type":"post","link":"https:\/\/dailynewshungary.com\/de\/fotoausstellung-1956-wird-auf-der-ep-eroffnet\/","title":{"rendered":"Fotoausstellung 1956 wird auf der EP er\u00f6ffnet"},"content":{"rendered":"<p><strong>Br\u00fcssel (MTI) \u2013 Am Dienstag wurde im Geb\u00e4ude des Europ\u00e4ischen Parlaments eine Fotoausstellung zum 60. Jahrestag des antisowjetischen Aufstands Ungarns im Jahr 1956 er\u00f6ffnet.<\/strong><\/p>\n<p>Die Ausstellung wurde von der Europ\u00e4ischen Volkspartei organisiert und findet im Yehudi Menuhin Space des EP-Geb\u00e4udes in Br\u00fcssel statt.<\/p>\n<p>Der ungarische Europaabgeordnete J\u00f3zsef Sz\u00e1jer er\u00f6ffnete die Veranstaltung im Namen des Sprechers des Repr\u00e4sentantenhauses L\u00e1szl\u00f3 K\u00f6v\u00e9r, der krankheitsbedingt nicht teilnehmen konnte.<\/p>\n<p style=\"text-align: center;\">&nbsp;<iframe loading=\"lazy\" style=\"border: none; overflow: hidden;\" src=\"https:\/\/www.facebook.com\/plugins\/post.php?href=https%3A%2F%2Fwww.facebook.com%2Fdailynewshungary%2Fposts%2F1122118541157049&amp;width=500\" width=\"500\" height=\"524\" frameborder=\"0\" scrolling=\"no\"><\/iframe><\/p>\n<p>Die Revolution von 1956 \u201cgibt allen freiheitsliebenden Gemeinschaften der Welt, einschlie\u00dflich der Gemeinschaft der Europ\u00e4ischen Union, Glauben, Kraft und ein Vorbild\u201d, sagte er.<\/p>\n<p>Um die Herausforderungen zu bek\u00e4mpfen, vor denen die EU heute steht, sollte sie \u201cdie nationalen Identit\u00e4ten, die der Gemeinschaft St\u00e4rke verleihen\u201d, nicht schw\u00e4chen, sondern st\u00e4rken, f\u00fcgte er hinzu.<\/p>\n<p>Foto: fortepan<\/p>\n","protected":false},"excerpt":{"rendered":"<p>Br\u00fcssel (MTI) \u2013 Am Dienstag wurde im Geb\u00e4ude des Europ\u00e4ischen Parlaments eine Fotoausstellung zum 60. Jahrestag des antisowjetischen Aufstands Ungarns im Jahr 1956 er\u00f6ffnet. Die Ausstellung wurde von der Europ\u00e4ischen Volkspartei organisiert und findet im Yehudi Menuhin Space des EP-Geb\u00e4udes in Br\u00fcssel statt. Der ungarische Europaabgeordnete J\u00f3zsef Sz\u00e1jer er\u00f6ffnete die Veranstaltung im Namen des Sprechers [&hellip;]<\/p>\n","protected":false},"author":2,"featured_media":754106,"comment_status":"open","ping_status":"open","sticky":false,"template":"","format":"standard","meta":{"_acf_changed":false,"_display_image":"","footnotes":""},"categories":[1151],"tags":[1232,4000,1942,1082,1076],"class_list":["post-754105","post","type-post","status-publish","format-standard","has-post-thumbnail","hentry","category-kulturen","tag-ausstellung","tag-der-60-jahrestag-der-revolution-von-1956","tag-die-ungarische-revolution-von-1956","tag-europaische-union","tag-ungarn"],"blocksy_meta":[],"acf":[],"author_username":"alk","telegram_post":"","public_post_metadata":{"breaking_news":"","important":"","csempe":"","center_tile":"","disable_thumbnail":"","target_lang":"","_featured_image_style":"","telegram_post":"","_xlat_group_id":""},"public_rank_math_data":{"title":"%title% %sep% %sitename%","description":"","focus_keyword":"Br\u00fcsseler Ausstellung","canonical_url":"","robots":"","primary_category":"1151","breadcrumb_title":"","facebook_title":"","facebook_description":"","facebook_image":"","facebook_image_id":"","twitter_title":"","twitter_description":"","twitter_image":"","twitter_image_id":"","twitter_card_type":"","twitter_use_facebook":"","advanced_robots":"","pillar_content":"","seo_score":"10","contentai_score":"","rich_snippet":""},"_links":{"self":[{"href":"https:\/\/dailynewshungary.com\/de\/wp-json\/wp\/v2\/posts\/754105","targetHints":{"allow":["GET"]}}],"collection":[{"href":"https:\/\/dailynewshungary.com\/de\/wp-json\/wp\/v2\/posts"}],"about":[{"href":"https:\/\/dailynewshungary.com\/de\/wp-json\/wp\/v2\/types\/post"}],"author":[{"embeddable":true,"href":"https:\/\/dailynewshungary.com\/de\/wp-json\/wp\/v2\/users\/2"}],"replies":[{"embeddable":true,"href":"https:\/\/dailynewshungary.com\/de\/wp-json\/wp\/v2\/comments?post=754105"}],"version-history":[{"count":0,"href":"https:\/\/dailynewshungary.com\/de\/wp-json\/wp\/v2\/posts\/754105\/revisions"}],"wp:featuredmedia":[{"embeddable":true,"href":"https:\/\/dailynewshungary.com\/de\/wp-json\/wp\/v2\/media\/754106"}],"wp:attachment":[{"href":"https:\/\/dailynewshungary.com\/de\/wp-json\/wp\/v2\/media?parent=754105"}],"wp:term":[{"taxonomy":"category","embeddable":true,"href":"https:\/\/dailynewshungary.com\/de\/wp-json\/wp\/v2\/categories?post=754105"},{"taxonomy":"post_tag","embeddable":true,"href":"https:\/\/dailynewshungary.com\/de\/wp-json\/wp\/v2\/tags?post=754105"}],"curies":[{"name":"wp","href":"https:\/\/api.w.org\/{rel}","templated":true}]}}